{"id":519898,"date":"2018-03-07T13:16:40","date_gmt":"2018-03-07T19:16:40","guid":{"rendered":"https:\/\/www.futboltotal.com.mx\/?p=519898"},"modified":"2018-03-07T13:16:40","modified_gmt":"2018-03-07T19:16:40","slug":"cristiano-jr-ya-marco-gol-a-padre-le-falta-en-bernabeu","status":"publish","type":"post","link":"http:\/\/desarrollo.grupomedios.com\/futbol\/futbol-internacional\/cristiano-jr-ya-marco-gol-a-padre-le-falta-en-bernabeu\/2018\/03","title":{"rendered":"Cristiano Jr ya marc\u00f3 el gol que a su padre le falta en el Bernab\u00e9u"},"content":{"rendered":"<p>A pesar de que <strong>Cristiano Ronaldo<\/strong> es la m\u00e1xima figura del <strong>Real Madrid<\/strong> y ha marcado una gran cantidad de goles con el conjunto <strong>Merengue,<\/strong> el portugu\u00e9s no ha podido marcar en el <strong>Santiago Bernab\u00e9u<\/strong> un gol de chilena, algo que su hijo ya logr\u00f3.<\/p>\n<p>Tras el partido del pasado s\u00e1bado en <strong>LaLiga<\/strong> ante el <strong>Getafe<\/strong>, <strong>Cristiano JR<\/strong> salt\u00f3 al campo y se divirti\u00f3 con <strong>Lucas V\u00e1zquez<\/strong>, quien le puso una asistencia al peque\u00f1o para que \u00e9ste se aventara un gol de chilena en el campo de los <strong>Blancos<\/strong>.<\/p>\n<p>https:\/\/twitter.com\/MadridSports_\/status\/970808312148254720<\/p>\n<p>El hijo de <strong>Marcelo<\/strong>, <strong>Enzo Vieira<\/strong>, aplaudi\u00f3 el gol de chilena que marc\u00f3 el hijo del delantero del Madrid cuando se encontraban divirti\u00e9ndose en el campo al finalizar el encuentro.<\/p>\n<p><strong>Cristiano Jr<\/strong> ya ha admitido que de grande buscar\u00e1 seguir los pasos de su pap\u00e1 para convertirse en jugador profesional y hasta quiere ser igual de bueno que \u00e9l, as\u00ed lo ha asegurado el mismo portugu\u00e9s.<\/p>\n<p>A pesar de convertirse en el m\u00e1ximo goleador del Real Madrid y de que ha marcado goles con pierna izquierda, derecha y de cabeza, Cristiano nunca ha podido marcar de chilena.<\/p>\n","protected":false},"excerpt":{"rendered":"<p>El hijo del portugu\u00e9s ya marc\u00f3 en el Santiago Bernab\u00e9u.<\/p>\n","protected":false},"author":129,"featured_media":519902,"comment_status":"closed","ping_status":"closed","sticky":false,"template":"","format":"standard","meta":[],"categories":[3839],"tags":[10822,6013,6214],"_links":{"self":[{"href":"http:\/\/desarrollo.grupomedios.com\/futbol\/wp-json\/wp\/v2\/posts\/519898"}],"collection":[{"href":"http:\/\/desarrollo.grupomedios.com\/futbol\/wp-json\/wp\/v2\/posts"}],"about":[{"href":"http:\/\/desarrollo.grupomedios.com\/futbol\/wp-json\/wp\/v2\/types\/post"}],"author":[{"embeddable":true,"href":"http:\/\/desarrollo.grupomedios.com\/futbol\/wp-json\/wp\/v2\/users\/129"}],"replies":[{"embeddable":true,"href":"http:\/\/desarrollo.grupomedios.com\/futbol\/wp-json\/wp\/v2\/comments?post=519898"}],"version-history":[{"count":1,"href":"http:\/\/desarrollo.grupomedios.com\/futbol\/wp-json\/wp\/v2\/posts\/519898\/revisions"}],"predecessor-version":[{"id":519904,"href":"http:\/\/desarrollo.grupomedios.com\/futbol\/wp-json\/wp\/v2\/posts\/519898\/revisions\/519904"}],"wp:featuredmedia":[{"embeddable":true,"href":"http:\/\/desarrollo.grupomedios.com\/futbol\/wp-json\/wp\/v2\/media\/519902"}],"wp:attachment":[{"href":"http:\/\/desarrollo.grupomedios.com\/futbol\/wp-json\/wp\/v2\/media?parent=519898"}],"wp:term":[{"taxonomy":"category","embeddable":true,"href":"http:\/\/desarrollo.grupomedios.com\/futbol\/wp-json\/wp\/v2\/categories?post=519898"},{"taxonomy":"post_tag","embeddable":true,"href":"http:\/\/desarrollo.grupomedios.com\/futbol\/wp-json\/wp\/v2\/tags?post=519898"}],"curies":[{"name":"wp","href":"https:\/\/api.w.org\/{rel}","templated":true}]}}