{"id":519901,"date":"2018-03-07T13:40:09","date_gmt":"2018-03-07T19:40:09","guid":{"rendered":"https:\/\/www.futboltotal.com.mx\/?p=519901"},"modified":"2018-03-07T13:40:09","modified_gmt":"2018-03-07T19:40:09","slug":"queretaro-prefirio-a-tiago-volpi-en-vez-victor-valdes","status":"publish","type":"post","link":"http:\/\/desarrollo.grupomedios.com\/futbol\/futbol-mexicano\/queretaro-prefirio-a-tiago-volpi-en-vez-victor-valdes\/2018\/03","title":{"rendered":"Quer\u00e9taro prefiri\u00f3 a Tiago Volpi en vez de V\u00edctor Vald\u00e9s"},"content":{"rendered":"<p>El guardameta brasile\u00f1o de los <strong>Gallos de Quer\u00e9taro,\u00a0Tiago Volpi<\/strong>, realiz\u00f3 una confesi\u00f3n sobre su llegada con el equipo de la Liga MX, pues estuvo cerca de ser su colega espa\u00f1ol,\u00a0<strong>V\u00edctor Vald\u00e9s,<\/strong> quien llegara a las filas de los queretanos pero parece que finalmente la directiva del equipo decidi\u00f3 por la mejor opci\u00f3n, pues el guardameta brasile\u00f1o ha respondido con creces.<\/p>\n<p>En una entrevista para TDN, el guardameta indic\u00f3 que la directiva de Gallos ten\u00eda pr\u00e1cticamente amarrado al ex portero del <strong>FC Barcelona<\/strong> pero todo se cay\u00f3 de \u00faltimo minuto y fue lo que le ayudo para dar el salto al futbol azteca y ahora ser uno de los referentes del equipo y la <strong>Liga MX<\/strong> con actuaciones importantes.<\/p>\n<p style=\"text-align: center;\"><a href=\"https:\/\/www.futboltotal.com.mx\/futbol-internacional\/champions-league\/dani-alves-profetica-frase-la-todos-se-burlan\/2018\/03\">VER M\u00c1S: Dani Alves y su \u2018prof\u00e9tica\u2019 frase de la que todos se burlan<\/a><\/p>\n<p><img decoding=\"async\" src=\"http:\/\/amqueretaro.com\/wp-content\/uploads\/2016\/11\/Tiago-Volpi-le-da-el-titulo-de-la-Copa-MX-a-los-Gallos-Blancos-de-Queretaro.jpg\" \/><\/p>\n<p><mark>&#8220;Para los que no saben la historia, Quer\u00e9taro ten\u00eda pr\u00e1cticamente fichado a V\u00edctor y que bueno que optaron por m\u00ed, porque hoy yo soy muy feliz en Quer\u00e9taro\u201d<\/mark>, indic\u00f3 el guardameta que hoy en d\u00eda es el capit\u00e1n del equipo de\u00a0Luis Fernando \u2018El Flaco\u2019 Tena, asegurando que tuvo una gran elecci\u00f3n al fichar por el equipo Gallo.<\/p>\n<p>&#8220;<mark>No se c\u00f3mo ser\u00eda si hubieras tenido aqu\u00ed a Vald\u00e9s, pero hemos vivido cosas muy bonitas. Agradezco mucho porque\u00a0no fue una decisi\u00f3n escogerme a m\u00ed, un desconocido, sobre V\u00edctor Vald\u00e9s&#8221;<\/mark>, expres\u00f3 el guardameta quien agradeci\u00f3 a la directiva por contratarlo en el Clausura 2015, el guardameta ha jugado 115 partidos desde su llegada a M\u00e9xico.<\/p>\n<p style=\"text-align: center;\"><a href=\"https:\/\/www.futboltotal.com.mx\/futbol-internacional\/liga-de-espana\/asi-inicio-messi-carrera-en-barcelona-17-anos\/2018\/03\">VER M\u00c1S: As\u00ed inici\u00f3 Messi su carrera en el Barcelona hace 17 a\u00f1os<\/a><\/p>\n<p>&nbsp;<\/p>\n<p>&nbsp;<\/p>\n","protected":false},"excerpt":{"rendered":"<p>El cuadro queretano tom\u00f3 una buena decisi\u00f3n al contratar un guardameta brasile\u00f1o que ha cambiado la historia del club<\/p>\n","protected":false},"author":159,"featured_media":519906,"comment_status":"closed","ping_status":"closed","sticky":false,"template":"","format":"standard","meta":[],"categories":[2198,3845],"tags":[9028,4256,64,5970,7541],"_links":{"self":[{"href":"http:\/\/desarrollo.grupomedios.com\/futbol\/wp-json\/wp\/v2\/posts\/519901"}],"collection":[{"href":"http:\/\/desarrollo.grupomedios.com\/futbol\/wp-json\/wp\/v2\/posts"}],"about":[{"href":"http:\/\/desarrollo.grupomedios.com\/futbol\/wp-json\/wp\/v2\/types\/post"}],"author":[{"embeddable":true,"href":"http:\/\/desarrollo.grupomedios.com\/futbol\/wp-json\/wp\/v2\/users\/159"}],"replies":[{"embeddable":true,"href":"http:\/\/desarrollo.grupomedios.com\/futbol\/wp-json\/wp\/v2\/comments?post=519901"}],"version-history":[{"count":1,"href":"http:\/\/desarrollo.grupomedios.com\/futbol\/wp-json\/wp\/v2\/posts\/519901\/revisions"}],"predecessor-version":[{"id":519907,"href":"http:\/\/desarrollo.grupomedios.com\/futbol\/wp-json\/wp\/v2\/posts\/519901\/revisions\/519907"}],"wp:featuredmedia":[{"embeddable":true,"href":"http:\/\/desarrollo.grupomedios.com\/futbol\/wp-json\/wp\/v2\/media\/519906"}],"wp:attachment":[{"href":"http:\/\/desarrollo.grupomedios.com\/futbol\/wp-json\/wp\/v2\/media?parent=519901"}],"wp:term":[{"taxonomy":"category","embeddable":true,"href":"http:\/\/desarrollo.grupomedios.com\/futbol\/wp-json\/wp\/v2\/categories?post=519901"},{"taxonomy":"post_tag","embeddable":true,"href":"http:\/\/desarrollo.grupomedios.com\/futbol\/wp-json\/wp\/v2\/tags?post=519901"}],"curies":[{"name":"wp","href":"https:\/\/api.w.org\/{rel}","templated":true}]}}