{"id":519929,"date":"2018-03-07T16:02:26","date_gmt":"2018-03-07T22:02:26","guid":{"rendered":"https:\/\/www.futboltotal.com.mx\/?p=519929"},"modified":"2018-03-08T10:26:07","modified_gmt":"2018-03-08T16:26:07","slug":"los-memes-del-resurgimiento-la-juventus-en-la-champions","status":"publish","type":"post","link":"http:\/\/desarrollo.grupomedios.com\/futbol\/futbol-internacional\/los-memes-del-resurgimiento-la-juventus-en-la-champions\/2018\/03","title":{"rendered":"Los memes del resurgimiento de la Juventus en la Champions"},"content":{"rendered":"<p>La <strong>Juventus<\/strong> vino de atr\u00e1s y con su historia por delante enfrent\u00f3 a Wembley y el <strong>Tottenham<\/strong> y logr\u00f3 salir adelante en su serie de octavos de final de la <strong>Champions League<\/strong>.<\/p>\n<p>Con un <strong>Gianluigi Buffon<\/strong> emocionado, y con un Higua\u00edn impensado, esta Juventus le ha dado la alegr\u00eda a muchos de sus aficionados italianos y millones que tiene en el mundo.<\/p>\n<p>La afici\u00f3n de la Champions League no pas\u00f3 por desapercibida la actuaci\u00f3n de la &#8220;Vecchia Signora&#8221; y estos son algunos de los memes m\u00e1s significativos de la remontada de la Juve en Wembley.<\/p>\n<div id=\"gallerydvf\" style=\"display:none;\"><img alt=\"\" src=\"http:\/\/desarrollo.grupomedios.com\/futbol\/wp-content\/uploads\/2018\/03\/meme-2-juve.jpg\" data-image=\"http:\/\/desarrollo.grupomedios.com\/futbol\/wp-content\/uploads\/2018\/03\/meme-2-juve.jpg\" data-description=\"meme-2-juve\"><img alt=\"\" src=\"http:\/\/desarrollo.grupomedios.com\/futbol\/wp-content\/uploads\/2018\/03\/meme-3-juve.jpg\" data-image=\"http:\/\/desarrollo.grupomedios.com\/futbol\/wp-content\/uploads\/2018\/03\/meme-3-juve.jpg\" data-description=\"meme-3-juve\"><img alt=\"\" src=\"http:\/\/desarrollo.grupomedios.com\/futbol\/wp-content\/uploads\/2018\/03\/meme-4-juve.jpg\" data-image=\"http:\/\/desarrollo.grupomedios.com\/futbol\/wp-content\/uploads\/2018\/03\/meme-4-juve.jpg\" data-description=\"meme-4-juve\"><img alt=\"\" src=\"http:\/\/desarrollo.grupomedios.com\/futbol\/wp-content\/uploads\/2018\/03\/meme-5-juventus.jpg\" data-image=\"http:\/\/desarrollo.grupomedios.com\/futbol\/wp-content\/uploads\/2018\/03\/meme-5-juventus.jpg\" data-description=\"meme-5-juventus\"><img alt=\"\" src=\"http:\/\/desarrollo.grupomedios.com\/futbol\/wp-content\/uploads\/2018\/03\/meme-6-juve.jpg\" data-image=\"http:\/\/desarrollo.grupomedios.com\/futbol\/wp-content\/uploads\/2018\/03\/meme-6-juve.jpg\" data-description=\"meme-6-juve\"><img alt=\"\" src=\"http:\/\/desarrollo.grupomedios.com\/futbol\/wp-content\/uploads\/2018\/03\/meme-7-juve.jpg\" data-image=\"http:\/\/desarrollo.grupomedios.com\/futbol\/wp-content\/uploads\/2018\/03\/meme-7-juve.jpg\" data-description=\"meme-7-juve\"><\/div>\n        <script>\n        \/\/galeria 1\n        jQuery(document).ready(function(){ \n            var api;\n            api = jQuery(\"#gallerydvf\").unitegallery({\n                carousel_autoplay: false\n            }); \n        });\n        <\/script>\n        \n<p>&nbsp;<\/p>\n","protected":false},"excerpt":{"rendered":"<p>Buffon y Dybala, los protagonistas de los memes de la Juventus <\/p>\n","protected":false},"author":160,"featured_media":519943,"comment_status":"closed","ping_status":"closed","sticky":false,"template":"","format":"standard","meta":[],"categories":[3841,7570,3839],"tags":[36,5999,4949,228],"_links":{"self":[{"href":"http:\/\/desarrollo.grupomedios.com\/futbol\/wp-json\/wp\/v2\/posts\/519929"}],"collection":[{"href":"http:\/\/desarrollo.grupomedios.com\/futbol\/wp-json\/wp\/v2\/posts"}],"about":[{"href":"http:\/\/desarrollo.grupomedios.com\/futbol\/wp-json\/wp\/v2\/types\/post"}],"author":[{"embeddable":true,"href":"http:\/\/desarrollo.grupomedios.com\/futbol\/wp-json\/wp\/v2\/users\/160"}],"replies":[{"embeddable":true,"href":"http:\/\/desarrollo.grupomedios.com\/futbol\/wp-json\/wp\/v2\/comments?post=519929"}],"version-history":[{"count":1,"href":"http:\/\/desarrollo.grupomedios.com\/futbol\/wp-json\/wp\/v2\/posts\/519929\/revisions"}],"predecessor-version":[{"id":519944,"href":"http:\/\/desarrollo.grupomedios.com\/futbol\/wp-json\/wp\/v2\/posts\/519929\/revisions\/519944"}],"wp:featuredmedia":[{"embeddable":true,"href":"http:\/\/desarrollo.grupomedios.com\/futbol\/wp-json\/wp\/v2\/media\/519943"}],"wp:attachment":[{"href":"http:\/\/desarrollo.grupomedios.com\/futbol\/wp-json\/wp\/v2\/media?parent=519929"}],"wp:term":[{"taxonomy":"category","embeddable":true,"href":"http:\/\/desarrollo.grupomedios.com\/futbol\/wp-json\/wp\/v2\/categories?post=519929"},{"taxonomy":"post_tag","embeddable":true,"href":"http:\/\/desarrollo.grupomedios.com\/futbol\/wp-json\/wp\/v2\/tags?post=519929"}],"curies":[{"name":"wp","href":"https:\/\/api.w.org\/{rel}","templated":true}]}}