{"id":519980,"date":"2018-03-07T21:15:57","date_gmt":"2018-03-08T03:15:57","guid":{"rendered":"https:\/\/www.futboltotal.com.mx\/?p=519980"},"modified":"2018-03-07T21:15:57","modified_gmt":"2018-03-08T03:15:57","slug":"monterrey-1-queretaro-1-copa-mx-penales-final-resumen","status":"publish","type":"post","link":"http:\/\/desarrollo.grupomedios.com\/futbol\/destacado-home\/monterrey-1-queretaro-1-copa-mx-penales-final-resumen\/2018\/03","title":{"rendered":"Quer\u00e9taro elimina en penales a Monterrey y va a cuartos de Copa MX"},"content":{"rendered":"<p>Los <strong>Gallos Blancos de Quer\u00e9taro<\/strong> hicieron la &#8220;chica&#8221; y le fueron a pegar en penales a los <strong>Rayados de Monterrey<\/strong>, que quedaron eliminados en el duelo de <strong>octavos de final de la Copa MX<\/strong>.<\/p>\n<p>Quer\u00e9taro fue un equipo que jug\u00f3 con personalidad durante 70 minutos del partido, despu\u00e9s de un embate inicial de 20 minutos donde los Rayados fueron muy superiores.<\/p>\n<p>Un disparo de larga distancia de <strong>Dorlan Pab\u00f3n<\/strong> puso adelante a Monterrey a los 35 minutos y presagiaba una fiesta rayada, excepto para Quer\u00e9taro.<\/p>\n<blockquote class=\"twitter-tweet\" data-partner=\"tweetdeck\">\n<p dir=\"ltr\" lang=\"es\"><a href=\"https:\/\/twitter.com\/hashtag\/NoTeLoPierdas?src=hash&amp;ref_src=twsrc%5Etfw\">#NoTeLoPierdas<\/a><br \/>\nG\u26bd\u26bd\u26bdL de Dorlan Pab\u00f3n<a href=\"https:\/\/twitter.com\/Rayados?ref_src=twsrc%5Etfw\">@Rayados<\/a> 1-0 <a href=\"https:\/\/twitter.com\/Club_Queretaro?ref_src=twsrc%5Etfw\">@Club_Queretaro<\/a>\u00a0<a href=\"https:\/\/twitter.com\/hashtag\/8vosDeFinal?src=hash&amp;ref_src=twsrc%5Etfw\">#8vosDeFinal<\/a> de la <a href=\"https:\/\/twitter.com\/hashtag\/CopaCoronaMX?src=hash&amp;ref_src=twsrc%5Etfw\">#CopaCoronaMX<\/a> &#x1f3c6; <a href=\"https:\/\/twitter.com\/hashtag\/Clausura2018?src=hash&amp;ref_src=twsrc%5Etfw\">#Clausura2018<\/a><br \/>\n\u26bd <a href=\"https:\/\/twitter.com\/hashtag\/SienteTuLiga?src=hash&amp;ref_src=twsrc%5Etfw\">#SienteTuLiga<\/a> \u26bd <a href=\"https:\/\/twitter.com\/hashtag\/Mi%C3%A9rcolesDeFut?src=hash&amp;ref_src=twsrc%5Etfw\">#Mi\u00e9rcolesDeFut<\/a> <a href=\"https:\/\/t.co\/B3FwiK5w4K\">pic.twitter.com\/B3FwiK5w4K<\/a><\/p>\n<p>\u2014 #CopaCoronaMX (@CopaCoronaMx) <a href=\"https:\/\/twitter.com\/CopaCoronaMx\/status\/971561737601331202?ref_src=twsrc%5Etfw\">March 8, 2018<\/a><\/p><\/blockquote>\n<p><script async src=\"https:\/\/platform.twitter.com\/widgets.js\" charset=\"utf-8\"><\/script><\/p>\n<p style=\"text-align: center;\"><span style=\"color: #333399;\"><a href=\"https:\/\/www.futboltotal.com.mx\/destacado-home\/monterrey-vs-queretaro-copa-mx-en-vivo-minuto-a-minuto\/2018\/03\">VER M\u00c1S: AS\u00cd SE VIVI\u00d3 LA TANDA DE PENALES\u00a0<\/a><\/span><\/p>\n<p>Los Gallos Blancos encontraron el empate muy r\u00e1pido con un golazo de tiro libre de <strong>Camilo Sanvezzo<\/strong> al minuto 38.<\/p>\n<blockquote class=\"twitter-tweet\" data-partner=\"tweetdeck\">\n<p dir=\"ltr\" lang=\"es\"><a href=\"https:\/\/twitter.com\/hashtag\/NoTeLoPierdas?src=hash&amp;ref_src=twsrc%5Etfw\">#NoTeLoPierdas<\/a><br \/>\nG\u26bd\u26bd\u26bdLAAAAAZO de Camilo Sanvezzo<a href=\"https:\/\/twitter.com\/Rayados?ref_src=twsrc%5Etfw\">@Rayados<\/a> 1-1 <a href=\"https:\/\/twitter.com\/Club_Queretaro?ref_src=twsrc%5Etfw\">@Club_Queretaro<\/a>\u00a0<a href=\"https:\/\/twitter.com\/hashtag\/8vosDeFinal?src=hash&amp;ref_src=twsrc%5Etfw\">#8vosDeFinal<\/a> de la <a href=\"https:\/\/twitter.com\/hashtag\/CopaCoronaMX?src=hash&amp;ref_src=twsrc%5Etfw\">#CopaCoronaMX<\/a> &#x1f3c6; <a href=\"https:\/\/twitter.com\/hashtag\/Clausura2018?src=hash&amp;ref_src=twsrc%5Etfw\">#Clausura2018<\/a><br \/>\n\u26bd <a href=\"https:\/\/twitter.com\/hashtag\/SienteTuLiga?src=hash&amp;ref_src=twsrc%5Etfw\">#SienteTuLiga<\/a> \u26bd <a href=\"https:\/\/twitter.com\/hashtag\/Mi%C3%A9rcolesDeFut?src=hash&amp;ref_src=twsrc%5Etfw\">#Mi\u00e9rcolesDeFut<\/a> <a href=\"https:\/\/t.co\/6iF1DoCmA8\">pic.twitter.com\/6iF1DoCmA8<\/a><\/p>\n<p>\u2014 #CopaCoronaMX (@CopaCoronaMx) <a href=\"https:\/\/twitter.com\/CopaCoronaMx\/status\/971562048889999361?ref_src=twsrc%5Etfw\">March 8, 2018<\/a><\/p><\/blockquote>\n<p><script async src=\"https:\/\/platform.twitter.com\/widgets.js\" charset=\"utf-8\"><\/script><\/p>\n<p>El duelo se mantendr\u00eda as\u00ed hasta el final, lo que llev\u00f3 el encuentro a la zona de los tiros penales, y ah\u00ed, Monterrey volvi\u00f3 a cargar con su historia de fracasos.<\/p>\n<p>Despu\u00e9s de cuatro penales, <strong>Dorlan Pab\u00f3n y Nicol\u00e1s S\u00e1nchez<\/strong> anotaron por Monterrey mientras que <strong>\u00c9dgar Ben\u00edtez y Jonathan Bornstein<\/strong> lo hab\u00edan logrado por los Gallos.<\/p>\n<p>El quinto penal de Quer\u00e9taro fue anotado por <strong>Romo<\/strong>, y toda la presi\u00f3n qued\u00f3 en <strong>Avil\u00e9s Hurtado<\/strong>. El delantero colombiano se plant\u00f3 y&#8230; <strong>\u00a1Gil Alcal\u00e1 detuvo el esf\u00e9rico!<\/strong> Gallos Blancos, a los cuartos de final de la Copa MX.<\/p>\n","protected":false},"excerpt":{"rendered":"<p>Los Gallos Blancos derrotaron 3-2 a los Rayados tras el 1-1 en tiempo regular<\/p>\n","protected":false},"author":160,"featured_media":519981,"comment_status":"closed","ping_status":"closed","sticky":false,"template":"","format":"standard","meta":[],"categories":[4247,5,2198],"tags":[285,5966,5970],"_links":{"self":[{"href":"http:\/\/desarrollo.grupomedios.com\/futbol\/wp-json\/wp\/v2\/posts\/519980"}],"collection":[{"href":"http:\/\/desarrollo.grupomedios.com\/futbol\/wp-json\/wp\/v2\/posts"}],"about":[{"href":"http:\/\/desarrollo.grupomedios.com\/futbol\/wp-json\/wp\/v2\/types\/post"}],"author":[{"embeddable":true,"href":"http:\/\/desarrollo.grupomedios.com\/futbol\/wp-json\/wp\/v2\/users\/160"}],"replies":[{"embeddable":true,"href":"http:\/\/desarrollo.grupomedios.com\/futbol\/wp-json\/wp\/v2\/comments?post=519980"}],"version-history":[{"count":1,"href":"http:\/\/desarrollo.grupomedios.com\/futbol\/wp-json\/wp\/v2\/posts\/519980\/revisions"}],"predecessor-version":[{"id":519982,"href":"http:\/\/desarrollo.grupomedios.com\/futbol\/wp-json\/wp\/v2\/posts\/519980\/revisions\/519982"}],"wp:featuredmedia":[{"embeddable":true,"href":"http:\/\/desarrollo.grupomedios.com\/futbol\/wp-json\/wp\/v2\/media\/519981"}],"wp:attachment":[{"href":"http:\/\/desarrollo.grupomedios.com\/futbol\/wp-json\/wp\/v2\/media?parent=519980"}],"wp:term":[{"taxonomy":"category","embeddable":true,"href":"http:\/\/desarrollo.grupomedios.com\/futbol\/wp-json\/wp\/v2\/categories?post=519980"},{"taxonomy":"post_tag","embeddable":true,"href":"http:\/\/desarrollo.grupomedios.com\/futbol\/wp-json\/wp\/v2\/tags?post=519980"}],"curies":[{"name":"wp","href":"https:\/\/api.w.org\/{rel}","templated":true}]}}