{"id":520001,"date":"2018-03-08T08:59:49","date_gmt":"2018-03-08T14:59:49","guid":{"rendered":"https:\/\/www.futboltotal.com.mx\/?p=520001"},"modified":"2018-03-08T09:00:36","modified_gmt":"2018-03-08T15:00:36","slug":"paris-saint-germain-prepara-limpia-quienes-se-marcharan","status":"publish","type":"post","link":"http:\/\/desarrollo.grupomedios.com\/futbol\/futbol-internacional\/paris-saint-germain-prepara-limpia-quienes-se-marcharan\/2018\/03","title":{"rendered":"Paris Saint-Germain prepara limpia, \u00bfQuienes se marchar\u00e1n?"},"content":{"rendered":"<p>Luego de la derrota de<strong>l\u00a0Paris Saint-Germain<\/strong> ante <strong>Real Madrid<\/strong> en la <strong>UEFA Champions League<\/strong>, el principal se\u00f1alado fue el estratega espa\u00f1ol,<strong>\u00a0Unai Emery,<\/strong> sin embargo no ha sido el \u00fanico que est\u00e1 en la mira para marcharse del club en el pr\u00f3ximo verano, sobre todo para descargar la plantilla y tener la oportunidad de renovar las estrellas que tienen dentro del cuadro parisino.<\/p>\n<p>De acuerdo al diario\u00a0L\u2019Equipe, <mark>son varios los futbolistas que ser\u00e1n parte de la limpia dentro del equipo\u00a0de la capital francesa, los primeros se\u00f1alados y quienes ser\u00edan las bajas m\u00e1s significativas ser\u00edan las de\u00a0<strong>Julian Draxler, Marco Verratti <\/strong>y<strong> Thiago Silva<\/strong>,<\/mark> tres futbolistas que no tendr\u00edan problemas en encontrar un nuevo destino, pues en Europa son pesos importantes.<\/p>\n<p style=\"text-align: center;\"><a href=\"https:\/\/www.futboltotal.com.mx\/futbol-internacional\/concachampions\/seattle-sounders-1-chivas-0-concacaf-final-resumen\/2018\/03\">VER M\u00c1S: Chivas cae en Seattle en la ida de cuartos de final de Concachampions<\/a><\/p>\n<p>De igual forma es importante sumar a\u00a0<strong>Layvin Kurzawa<\/strong> quien se antoja para marcharse e incorporarse a un nuevo lateral zurdo que pueda convertirse en una alternativa para\u00a0<strong>Yuri Berchiche<\/strong>, por otro lado la parcela derecha esta Daniel Alves, quien tambi\u00e9n demostr\u00f3 que sus mejores momentos han pasado, mientras que\u00a0<strong>Thomas Meunier<\/strong> desea su salida del club pues no le agrada el papel secundario que ha tomado.<\/p>\n<p>Otro de los factores que est\u00e1n por hacerse realidad es el hecho de la porter\u00eda, donde tienen a\u00a0<strong>Alphonse Areola,<\/strong> quien se mantendr\u00eda en la instituci\u00f3n, pero quien si se marchar\u00eda ser\u00eda <strong>Kevin Trapp<\/strong>, quien estar\u00eda buscando un nuevo destino. Los parisinos desean una estrella bajo los tres palos para seguir sumando clase para la plantilla.<\/p>\n<p style=\"text-align: center;\"><a href=\"https:\/\/www.futboltotal.com.mx\/futbol-mexicano\/liga-mx\/queretaro-prefirio-a-tiago-volpi-en-vez-victor-valdes\/2018\/03\">VER M\u00c1S: Quer\u00e9taro prefiri\u00f3 a Tiago Volpi en vez de V\u00edctor Vald\u00e9s<\/a><\/p>\n<blockquote class=\"twitter-tweet\" data-data-dnt=\"true\">\n<p lang=\"fr\" dir=\"ltr\">Les grands chantiers du PSG, l&#39;OM et l&#39;OL ambitieux en Europe. Voici les Unes du journal <a href=\"https:\/\/twitter.com\/lequipe?ref_src=twsrc%5Etfw\">@lequipe<\/a> ce jeudi 8 mars.<\/p>\n<p>T\u00e9l\u00e9charger l&#39;\u00e9dition \ud83d\udc49 <a href=\"https:\/\/t.co\/wuOVuBSlwo\">https:\/\/t.co\/wuOVuBSlwo<\/a> <a href=\"https:\/\/t.co\/1y4uCYZKGN\">pic.twitter.com\/1y4uCYZKGN<\/a><\/p>\n<p>&mdash; L&#39;\u00c9quipe (@lequipe) <a href=\"https:\/\/twitter.com\/lequipe\/status\/971529700957880320?ref_src=twsrc%5Etfw\">March 7, 2018<\/a><\/p><\/blockquote>\n<p><script async src=\"https:\/\/platform.twitter.com\/widgets.js\" charset=\"utf-8\"><\/script><\/p>\n","protected":false},"excerpt":{"rendered":"<p>El cuadro parisino tiene a varios futbolistas en su lista de transferibles para la siguiente temporada<\/p>\n","protected":false},"author":159,"featured_media":520002,"comment_status":"closed","ping_status":"closed","sticky":false,"template":"","format":"standard","meta":[],"categories":[3839,9609],"tags":[1376],"_links":{"self":[{"href":"http:\/\/desarrollo.grupomedios.com\/futbol\/wp-json\/wp\/v2\/posts\/520001"}],"collection":[{"href":"http:\/\/desarrollo.grupomedios.com\/futbol\/wp-json\/wp\/v2\/posts"}],"about":[{"href":"http:\/\/desarrollo.grupomedios.com\/futbol\/wp-json\/wp\/v2\/types\/post"}],"author":[{"embeddable":true,"href":"http:\/\/desarrollo.grupomedios.com\/futbol\/wp-json\/wp\/v2\/users\/159"}],"replies":[{"embeddable":true,"href":"http:\/\/desarrollo.grupomedios.com\/futbol\/wp-json\/wp\/v2\/comments?post=520001"}],"version-history":[{"count":2,"href":"http:\/\/desarrollo.grupomedios.com\/futbol\/wp-json\/wp\/v2\/posts\/520001\/revisions"}],"predecessor-version":[{"id":520004,"href":"http:\/\/desarrollo.grupomedios.com\/futbol\/wp-json\/wp\/v2\/posts\/520001\/revisions\/520004"}],"wp:featuredmedia":[{"embeddable":true,"href":"http:\/\/desarrollo.grupomedios.com\/futbol\/wp-json\/wp\/v2\/media\/520002"}],"wp:attachment":[{"href":"http:\/\/desarrollo.grupomedios.com\/futbol\/wp-json\/wp\/v2\/media?parent=520001"}],"wp:term":[{"taxonomy":"category","embeddable":true,"href":"http:\/\/desarrollo.grupomedios.com\/futbol\/wp-json\/wp\/v2\/categories?post=520001"},{"taxonomy":"post_tag","embeddable":true,"href":"http:\/\/desarrollo.grupomedios.com\/futbol\/wp-json\/wp\/v2\/tags?post=520001"}],"curies":[{"name":"wp","href":"https:\/\/api.w.org\/{rel}","templated":true}]}}