{"id":520007,"date":"2018-03-08T09:58:10","date_gmt":"2018-03-08T15:58:10","guid":{"rendered":"https:\/\/www.futboltotal.com.mx\/?p=520007"},"modified":"2018-03-08T09:58:10","modified_gmt":"2018-03-08T15:58:10","slug":"ac-milan-vs-arsenal-gattuso-mejor-wenger","status":"publish","type":"post","link":"http:\/\/desarrollo.grupomedios.com\/futbol\/futbol-internacional\/ac-milan-vs-arsenal-gattuso-mejor-wenger\/2018\/03","title":{"rendered":"AC Milan vs Arsenal; Gattuso, mejor que Wenger"},"content":{"rendered":"<p>El cuadro del <strong>AC Milan<\/strong> recibe al <strong>Arsenal<\/strong> este jueves 8 de marzo con el marco de los <strong>Octavos de Final en la Europa League<\/strong>, un torneo en el que buscar\u00e1n parte del prestigio que han perdido en los \u00faltimos a\u00f1os, adem\u00e1s que se trata de su \u00faltima esperanza para ambos de clasificarse a la UEFA Champions League, ya que por la v\u00eda de sus respectivas ligas parece una posibilidad escasa.<\/p>\n<h2>Los Rossoneros crecen con &#8216;Rino&#8217;<\/h2>\n<p>El AC Milan ha revivido de forma significativa desde la llegada de uno de sus emblemas, Genaro Gattuso, quien de todos los ex jugadores que han pasado por el equipo italiano, parece ser el \u00fanico que ha logrado meter en cintura pues tiene 13 partidos consecutivos sin conocer la derrota, adem\u00e1s que meti\u00f3 al equipo a la final de la Copa de Italia, siendo un aut\u00e9ntico equipo guerrero el que en el que se han convertido los Rossoneros.<\/p>\n<blockquote class=\"twitter-tweet\" data-data-dnt=\"true\">\n<p lang=\"es\" dir=\"ltr\">Gattuso: &quot;Comparado con Wenger soy un principiante&quot;.<\/p>\n<p>\u00bfQu\u00e9 te est\u00e1 pareciendo el entrenador del AC Milan esta temporada? \ud83d\udcaa <a href=\"https:\/\/twitter.com\/hashtag\/UEL?src=hash&amp;ref_src=twsrc%5Etfw\">#UEL<\/a> <a href=\"https:\/\/t.co\/UlgjpEwXcU\">pic.twitter.com\/UlgjpEwXcU<\/a><\/p>\n<p>&mdash; UEFA.com en espa\u00f1ol (@UEFAcom_es) <a href=\"https:\/\/twitter.com\/UEFAcom_es\/status\/971768147329077248?ref_src=twsrc%5Etfw\">March 8, 2018<\/a><\/p><\/blockquote>\n<p><script async src=\"https:\/\/platform.twitter.com\/widgets.js\" charset=\"utf-8\"><\/script><\/p>\n<p>Ha convertido al atacante Patrick Cutrone en una aut\u00e9ntica amenaza, en el torneo tiene 4 anotaciones; adem\u00e1s que ha logrado convencer a\u00a0Antonio Donnarumma de comprometerse con el equipo. Por otro lado tiene que buscar explotar todo el potencial del espa\u00f1ol Suso para tener un equipo completo al ataque.<\/p>\n<div style=\"width: 1010px\" class=\"wp-caption alignnone\"><img decoding=\"async\" loading=\"lazy\" src=\"https:\/\/www.sportball.es\/wp-content\/uploads\/2018\/02\/Milan-Gattuso.jpg\" alt=\"AC Milan vs Arsenal; Gattuso, mejor que Wenger 0\" \/><p class=\"wp-caption-text\">Gattusso ha logrado regresarle identidad al AC Milan<\/p><\/div>\n<p style=\"text-align: center;\"><a href=\"https:\/\/www.futboltotal.com.mx\/futbol-internacional\/liga-de-francia-futbol-internacional\/paris-saint-germain-prepara-limpia-quienes-se-marcharan\/2018\/03\">VER M\u00c1S: Paris Saint-Germain prepara limpia, \u00bfQuienes se marchar\u00e1n?<\/a><\/p>\n<h2>Un Wenger a la baja<\/h2>\n<p>Por su parte los Gunners tiene una baja de juego evidente al mando de Arsene Wenger quien ya se encuentra cuestionado hasta el cuello con la afici\u00f3n del equipo ingl\u00e9s, quien ha visto a su equipo ganar un juego de los \u00faltimos seis disputados, algo que es alarmante en un equipo del calibre de los ingleses.<\/p>\n<div style=\"width: 630px\" class=\"wp-caption aligncenter\"><img decoding=\"async\" loading=\"lazy\" src=\"https:\/\/static.independent.co.uk\/s3fs-public\/styles\/article_small\/public\/thumbnails\/image\/2018\/01\/10\/11\/arsene-wenger-1.jpg\" alt=\"AC Milan vs Arsenal; Gattuso, mejor que Wenger 1\" \/><p class=\"wp-caption-text\">Arsene Wenger est\u00e1 viviendo una temporada complicada con el Arsenal<\/p><\/div>\n<p>Sin embargo, su \u00faltimo triunfo fue ante el\u00a0\u00d6stersunds FK de Suecia en este mismo torneo con un categ\u00f3rico 3-0, algo que deber\u00e1n aprovechar pues el certamen podr\u00eda ser su salvaci\u00f3n esta temporada. Requieren que su refuerzo\u00a0Henrikh Mkhitaryan se vuelva fundamental en la din\u00e1mica del equipo pues el armenio fue campe\u00f3n de este torneo la temporada pasada con el Manchester United.<\/p>\n<blockquote class=\"twitter-tweet\" data-width=\"500\">\n<p lang=\"es\" dir=\"ltr\">El Arsenal ha prolongado su campa\u00f1a europea hasta la primavera por 19\u00ba a\u00f1o consecutivo. Todos con Wenger en el banquillo. <\/p>\n<p>\u00bfFavorito para ganar la <a href=\"https:\/\/twitter.com\/hashtag\/UEL?src=hash&amp;ref_src=twsrc%5Etfw\">#UEL<\/a>? <a href=\"https:\/\/t.co\/jpucvpuDFB\">pic.twitter.com\/jpucvpuDFB<\/a><\/p>\n<p>&mdash; UEFA.com en espa\u00f1ol (@UEFAcom_es) <a href=\"https:\/\/twitter.com\/UEFAcom_es\/status\/971053808301301760?ref_src=twsrc%5Etfw\">March 6, 2018<\/a><\/p><\/blockquote>\n<p><script async src=\"https:\/\/platform.twitter.com\/widgets.js\" charset=\"utf-8\"><\/script><\/p>\n<p style=\"text-align: center;\"><a href=\"https:\/\/www.futboltotal.com.mx\/futbol-mexicano\/seleccion-mexicana\/conoce-a-alex-alcala-messi-mexicano\/2018\/03\">VER M\u00c1S: Conoce a Alex Alcal\u00e1, el Messi mexicano<\/a><\/p>\n","protected":false},"excerpt":{"rendered":"<p>El cuadro Rossonero tiene una ligera ventaja porque pasan por mejor momento<\/p>\n","protected":false},"author":159,"featured_media":520010,"comment_status":"closed","ping_status":"closed","sticky":false,"template":"","format":"standard","meta":[],"categories":[3857,3839],"tags":[1630,6044,2177,516,11266],"_links":{"self":[{"href":"http:\/\/desarrollo.grupomedios.com\/futbol\/wp-json\/wp\/v2\/posts\/520007"}],"collection":[{"href":"http:\/\/desarrollo.grupomedios.com\/futbol\/wp-json\/wp\/v2\/posts"}],"about":[{"href":"http:\/\/desarrollo.grupomedios.com\/futbol\/wp-json\/wp\/v2\/types\/post"}],"author":[{"embeddable":true,"href":"http:\/\/desarrollo.grupomedios.com\/futbol\/wp-json\/wp\/v2\/users\/159"}],"replies":[{"embeddable":true,"href":"http:\/\/desarrollo.grupomedios.com\/futbol\/wp-json\/wp\/v2\/comments?post=520007"}],"version-history":[{"count":1,"href":"http:\/\/desarrollo.grupomedios.com\/futbol\/wp-json\/wp\/v2\/posts\/520007\/revisions"}],"predecessor-version":[{"id":520011,"href":"http:\/\/desarrollo.grupomedios.com\/futbol\/wp-json\/wp\/v2\/posts\/520007\/revisions\/520011"}],"wp:featuredmedia":[{"embeddable":true,"href":"http:\/\/desarrollo.grupomedios.com\/futbol\/wp-json\/wp\/v2\/media\/520010"}],"wp:attachment":[{"href":"http:\/\/desarrollo.grupomedios.com\/futbol\/wp-json\/wp\/v2\/media?parent=520007"}],"wp:term":[{"taxonomy":"category","embeddable":true,"href":"http:\/\/desarrollo.grupomedios.com\/futbol\/wp-json\/wp\/v2\/categories?post=520007"},{"taxonomy":"post_tag","embeddable":true,"href":"http:\/\/desarrollo.grupomedios.com\/futbol\/wp-json\/wp\/v2\/tags?post=520007"}],"curies":[{"name":"wp","href":"https:\/\/api.w.org\/{rel}","templated":true}]}}