{"id":520015,"date":"2018-03-08T10:54:56","date_gmt":"2018-03-08T16:54:56","guid":{"rendered":"https:\/\/www.futboltotal.com.mx\/?p=520015"},"modified":"2018-03-08T11:58:05","modified_gmt":"2018-03-08T17:58:05","slug":"paulo-dybala-demuestra-se-calla-a-periodista","status":"publish","type":"post","link":"http:\/\/desarrollo.grupomedios.com\/futbol\/futbol-internacional\/paulo-dybala-demuestra-se-calla-a-periodista\/2018\/03","title":{"rendered":"Paulo Dybala demuestra c\u00f3mo se calla a un periodista"},"content":{"rendered":"<p>El duelo de los Octavos de Final de la UEFA Champions League trajo una remontada \u00e9pica para la Juventus de Tur\u00edn, pues lograron dar vuelta al marcador en un duelo ante el Tottenham Hotspur que se hab\u00eda complicado de forma importante. A pesar que el h\u00e9roe de la serie completa fue el argentino Gonzalo Higua\u00edn, quien se llev\u00f3 las palmas fue &#8216;La Joya&#8217;, Paulo Dybala.<\/p>\n<p>El argentino de 24 a\u00f1os se convirti\u00f3 en el h\u00e9roe del encuentro al minuto 67 cuando gracias a un pase del &#8216;Pipita&#8217; realiz\u00f3 un disparo de zurda que fulmin\u00f3 a Hugo Lloris y as\u00ed termin\u00f3 de darle la vuelta al parido d\u00e1ndole el boleto a los Cuartos de Final y de paso call\u00f3 bocas; literalmente hablando de un periodista en espec\u00edfico.<\/p>\n<p>El narrador argentino Mariano Closs, se encontraba hablando mal del futbolista y recriminando su actuaci\u00f3n dentro del encuentro, adem\u00e1s de cuestionar una posible convocatoria a la Copa del Mundo de Rusia 2018, justo cuando la llamada &#8216;Joya&#8217; acab\u00f3 por marcar el gol del triunfo y acab\u00f3 dejando mal al comentarista.<\/p>\n<p>https:\/\/twitter.com\/AS_AGabilondo\/status\/971735617209028610<\/p>\n<p>Las redes sociales no perdonaron al comentarista de\u00a0Fox Sports que editaron el video y se mofaron de la forma en que Dybala logr\u00f3 hacerle un\u00a0\u201cTurn down for what\u201d al periodista y los comentarios de los usuarios no se hicieron esperar, quienes tundieron con todo al periodista y exaltaron la labor hecha por el argentino con el equipo italiano.<\/p>\n<blockquote class=\"twitter-tweet\" data-width=\"500\">\n<p lang=\"es\" dir=\"ltr\">Pa mariano closs qued\u00f3 pegadaso con dybala<\/p>\n<p>&mdash; isco (@francorral711) <a href=\"https:\/\/twitter.com\/francorral711\/status\/971790655264645120?ref_src=twsrc%5Etfw\">March 8, 2018<\/a><\/p><\/blockquote>\n<p><script async src=\"https:\/\/platform.twitter.com\/widgets.js\" charset=\"utf-8\"><\/script><\/p>\n<blockquote class=\"twitter-tweet\" data-width=\"500\">\n<p lang=\"es\" dir=\"ltr\">Nada mas hermoso que la cerrada de orto que le metio <a href=\"https:\/\/twitter.com\/PauDybala_JR?ref_src=twsrc%5Etfw\">@PauDybala_JR<\/a>. a Mariano Closs<\/p>\n<p>&mdash; Juan Esteban (@VillarJuaan) <a href=\"https:\/\/twitter.com\/VillarJuaan\/status\/971789299527114752?ref_src=twsrc%5Etfw\">March 8, 2018<\/a><\/p><\/blockquote>\n<p><script async src=\"https:\/\/platform.twitter.com\/widgets.js\" charset=\"utf-8\"><\/script><\/p>\n<blockquote class=\"twitter-tweet\" data-width=\"500\">\n<p lang=\"es\" dir=\"ltr\">Jajaja me acuerdo y me r\u00edo de Mariano Closs todav\u00eda jajaja En el momento que estaba dandole con un ca\u00f1o a Dybala hizo el gol y lo tubo que gritar jajajajaj  pobre babachooo ese Closs..<\/p>\n<p>&mdash; Gabriel Caporali (@gabycaporali046) <a href=\"https:\/\/twitter.com\/gabycaporali046\/status\/971786133993648128?ref_src=twsrc%5Etfw\">March 8, 2018<\/a><\/p><\/blockquote>\n<p><script async src=\"https:\/\/platform.twitter.com\/widgets.js\" charset=\"utf-8\"><\/script><\/p>\n<blockquote class=\"twitter-tweet\" data-width=\"500\">\n<p lang=\"es\" dir=\"ltr\">Lo mejor que le pas\u00f3 al f\u00fatbol este a\u00f1o fu\u00e9 la cerrada de orto que Dybala le meti\u00f3 a Mariano Closs. El \u00fanico que le compite en caradurismo a don Miembro.<\/p>\n<p>&mdash; kid navajas (@kid_navajas) <a href=\"https:\/\/twitter.com\/kid_navajas\/status\/971785005495193601?ref_src=twsrc%5Etfw\">March 8, 2018<\/a><\/p><\/blockquote>\n<p><script async src=\"https:\/\/platform.twitter.com\/widgets.js\" charset=\"utf-8\"><\/script><\/p>\n","protected":false},"excerpt":{"rendered":"<p>El argentino aplic\u00f3 un famoso \u201cTurn down for what\u201d para un periodista que lo estaba criticando<\/p>\n","protected":false},"author":159,"featured_media":520019,"comment_status":"closed","ping_status":"closed","sticky":false,"template":"","format":"standard","meta":[],"categories":[3841,3839],"tags":[36,5999,6669,7017],"_links":{"self":[{"href":"http:\/\/desarrollo.grupomedios.com\/futbol\/wp-json\/wp\/v2\/posts\/520015"}],"collection":[{"href":"http:\/\/desarrollo.grupomedios.com\/futbol\/wp-json\/wp\/v2\/posts"}],"about":[{"href":"http:\/\/desarrollo.grupomedios.com\/futbol\/wp-json\/wp\/v2\/types\/post"}],"author":[{"embeddable":true,"href":"http:\/\/desarrollo.grupomedios.com\/futbol\/wp-json\/wp\/v2\/users\/159"}],"replies":[{"embeddable":true,"href":"http:\/\/desarrollo.grupomedios.com\/futbol\/wp-json\/wp\/v2\/comments?post=520015"}],"version-history":[{"count":3,"href":"http:\/\/desarrollo.grupomedios.com\/futbol\/wp-json\/wp\/v2\/posts\/520015\/revisions"}],"predecessor-version":[{"id":520039,"href":"http:\/\/desarrollo.grupomedios.com\/futbol\/wp-json\/wp\/v2\/posts\/520015\/revisions\/520039"}],"wp:featuredmedia":[{"embeddable":true,"href":"http:\/\/desarrollo.grupomedios.com\/futbol\/wp-json\/wp\/v2\/media\/520019"}],"wp:attachment":[{"href":"http:\/\/desarrollo.grupomedios.com\/futbol\/wp-json\/wp\/v2\/media?parent=520015"}],"wp:term":[{"taxonomy":"category","embeddable":true,"href":"http:\/\/desarrollo.grupomedios.com\/futbol\/wp-json\/wp\/v2\/categories?post=520015"},{"taxonomy":"post_tag","embeddable":true,"href":"http:\/\/desarrollo.grupomedios.com\/futbol\/wp-json\/wp\/v2\/tags?post=520015"}],"curies":[{"name":"wp","href":"https:\/\/api.w.org\/{rel}","templated":true}]}}