{"id":520018,"date":"2018-03-08T11:43:32","date_gmt":"2018-03-08T17:43:32","guid":{"rendered":"https:\/\/www.futboltotal.com.mx\/?p=520018"},"modified":"2018-03-08T11:43:32","modified_gmt":"2018-03-08T17:43:32","slug":"antonio-conte-dejaria-chelsea-ir-al-psg","status":"publish","type":"post","link":"http:\/\/desarrollo.grupomedios.com\/futbol\/futbol-internacional\/antonio-conte-dejaria-chelsea-ir-al-psg\/2018\/03","title":{"rendered":"Antonio Conte dejar\u00eda Chelsea para ir al PSG"},"content":{"rendered":"<p>Luego del segundo fracaso consecutivo de <strong>Unai Emery<\/strong> en la <strong>Champions League<\/strong>, parece que el final de su etapa en la <strong>PSG<\/strong> est\u00e1 por terminar cuando finalice la temporada el pr\u00f3ximo mes de mayo.<\/p>\n<p>En todo el club parisino ya no conf\u00edan en el entrenador espa\u00f1ol. Ni el Jeque, ni el Presidente ni los jugadores, pues parecen estar hartos de sus m\u00e9todos, tal y como <span style=\"color: #3366ff;\"><a href=\"https:\/\/www.futboltotal.com.mx\/futbol-internacional\/400-millones-ni-pasamos-ronda-julian-draxler\/2018\/03\">lo declar\u00f3 el alem\u00e1n Julian Draxler<\/a><\/span>.<\/p>\n<p>Por este motivo, la directiva del <mark><strong>Paris Saint-Germain<\/strong> ya est\u00e1 buscando candidatos y entre ellos est\u00e1n <strong>Pep Guardiola<\/strong>, <strong>Jos\u00e9 Mourinho<\/strong>, <strong>Diego Simeone<\/strong> y <strong>Zinedine Zidane<\/strong>, aunque por la dificultad de estos, el elegido ser\u00eda el italiano <strong>Antonio Conte<\/strong>.<\/mark><\/p>\n<p style=\"text-align: center;\"><span style=\"color: #3366ff;\"><a href=\"https:\/\/www.futboltotal.com.mx\/futbol-internacional\/champions-league\/400-millones-ni-pasamos-ronda-julian-draxler\/2018\/03\">VER M\u00c1S: \u201c400 millones y ni pasamos de ronda\u201d: Julian Draxler<\/a><\/span><\/p>\n<p>Seg\u00fan informa <em>L&#8217;Equipe<\/em>, los parisinos aprovechar\u00edan la salida de <strong>Conte<\/strong> del <strong>Chelsea<\/strong>, pues a pesar de que tiene contrato por un a\u00f1o m\u00e1s, su futuro no est\u00e1 claro.<\/p>\n<p>En Par\u00eds se tiene muy en cuenta su car\u00e1cter autoritario y gusta esa capacidad para poner en vereda a los cracks, cosa que no sucede con Emery, aunque tambi\u00e9n se teme que pudiera chocar con <strong>Neymar<\/strong>, la piedra angular del proyecto parisino.<\/p>\n<p>Otro de los candidatos que buscar\u00edan es el argentino <strong>Mauricio Pochettino<\/strong>, a quien han estado observando con el <strong>Tottenham<\/strong> en la Champions League, aunque el t\u00e9cnico <em>Blue<\/em> sigue siendo el principal objetivo.<\/p>\n<p>\u00bfQui\u00e9n te gustar\u00eda que llegara al PSG?<\/p>\n","protected":false},"excerpt":{"rendered":"<p>Los directivos parisinos quieren un nuevo entrenador para el proyecto &#8216;Champions&#8217;.<\/p>\n","protected":false},"author":129,"featured_media":520031,"comment_status":"closed","ping_status":"closed","sticky":false,"template":"","format":"standard","meta":[],"categories":[3839,9609],"tags":[2354,5981,6214,114],"_links":{"self":[{"href":"http:\/\/desarrollo.grupomedios.com\/futbol\/wp-json\/wp\/v2\/posts\/520018"}],"collection":[{"href":"http:\/\/desarrollo.grupomedios.com\/futbol\/wp-json\/wp\/v2\/posts"}],"about":[{"href":"http:\/\/desarrollo.grupomedios.com\/futbol\/wp-json\/wp\/v2\/types\/post"}],"author":[{"embeddable":true,"href":"http:\/\/desarrollo.grupomedios.com\/futbol\/wp-json\/wp\/v2\/users\/129"}],"replies":[{"embeddable":true,"href":"http:\/\/desarrollo.grupomedios.com\/futbol\/wp-json\/wp\/v2\/comments?post=520018"}],"version-history":[{"count":1,"href":"http:\/\/desarrollo.grupomedios.com\/futbol\/wp-json\/wp\/v2\/posts\/520018\/revisions"}],"predecessor-version":[{"id":520032,"href":"http:\/\/desarrollo.grupomedios.com\/futbol\/wp-json\/wp\/v2\/posts\/520018\/revisions\/520032"}],"wp:featuredmedia":[{"embeddable":true,"href":"http:\/\/desarrollo.grupomedios.com\/futbol\/wp-json\/wp\/v2\/media\/520031"}],"wp:attachment":[{"href":"http:\/\/desarrollo.grupomedios.com\/futbol\/wp-json\/wp\/v2\/media?parent=520018"}],"wp:term":[{"taxonomy":"category","embeddable":true,"href":"http:\/\/desarrollo.grupomedios.com\/futbol\/wp-json\/wp\/v2\/categories?post=520018"},{"taxonomy":"post_tag","embeddable":true,"href":"http:\/\/desarrollo.grupomedios.com\/futbol\/wp-json\/wp\/v2\/tags?post=520018"}],"curies":[{"name":"wp","href":"https:\/\/api.w.org\/{rel}","templated":true}]}}