{"id":520050,"date":"2018-03-08T13:39:00","date_gmt":"2018-03-08T19:39:00","guid":{"rendered":"https:\/\/www.futboltotal.com.mx\/?p=520050"},"modified":"2018-03-08T15:52:33","modified_gmt":"2018-03-08T21:52:33","slug":"se-trata-coaching-cruz-azul","status":"publish","type":"post","link":"http:\/\/desarrollo.grupomedios.com\/futbol\/futbol-mexicano\/se-trata-coaching-cruz-azul\/2018\/03","title":{"rendered":"\u00bfDe qu\u00e9 se trata el coaching de Cruz Azul?"},"content":{"rendered":"<p>El <strong>Cruz Azul<\/strong> de <strong>Pedro Caixinha<\/strong> tiene un grave problema: en 10 encuentros apenas ha sumado 8 puntos, un rendimiento paup\u00e9rrimo que ha obligado a la directiva a buscar ayuda externa y de otro tipo, \u00bfLa soluci\u00f3n?;\u00a0<strong>Bernardo Angulo<\/strong>, quien se promociona as\u00ed mismo como <strong>&#8220;Consultant &amp; Speaker in Organizational Effectiveness&#8221;<\/strong> y est\u00e1 dispuesto a salvar a los cementeros.<\/p>\n<h2>\u00bfQui\u00e9n es?<\/h2>\n<p>Se define como un investigador del comportamiento y los procesos humanos, fue solicitado espec\u00edficamente por Pedro Caixinha y se ha especializado en consultor\u00eda y efectividad organizacional. <strong>Ha estado en\u00a012 pa\u00edses y m\u00e1s de 200 organizaciones<\/strong> de primer nivel, incluso fue quien ayud\u00f3 a Santos Laguna en 2015 a obtener el t\u00edtulo, por lo que sus posibles logros ya est\u00e1n comprobados en la Liga MX.<\/p>\n<p>Entre su &#8216;palmar\u00e9s&#8217; se encuentra como coautor de tres libros;\u00a0&#8216;Liderazgo; el don del servicio&#8217; y &#8216;Alas y ra\u00edces para el coraz\u00f3n&#8217;. Estudi\u00f3 como abogado y trabaja en la\u00a0Escuela Libre de Derecho, adem\u00e1s de la Universidad Iberoamericana, este \u00faltimo de donde\u00a0egres\u00f3 de la <strong>Maestr\u00eda en Desarrollo Humano.<\/strong><\/p>\n<p style=\"text-align: center;\"><a href=\"https:\/\/www.futboltotal.com.mx\/futbol-internacional\/champions-league\/paulo-dybala-demuestra-se-calla-a-periodista\/2018\/03\">VER M\u00c1S: Paulo Dybala demuestra c\u00f3mo se calla a un periodista<\/a><\/p>\n<div id=\"attachment_520058\" style=\"width: 1146px\" class=\"wp-caption aligncenter\"><img aria-describedby=\"caption-attachment-520058\" decoding=\"async\" loading=\"lazy\" class=\"size-full wp-image-520058\" src=\"https:\/\/www.futboltotal.com.mx\/wp-content\/uploads\/2018\/03\/cruz-azul-coaching.jpg\" alt=\"\u00bfDe qu\u00e9 se trata el coaching de Cruz Azul? 0\" srcset=\"http:\/\/desarrollo.grupomedios.com\/futbol\/wp-content\/uploads\/2018\/03\/cruz-azul-coaching.jpg 1136w, http:\/\/desarrollo.grupomedios.com\/futbol\/wp-content\/uploads\/2018\/03\/cruz-azul-coaching-300x169.jpg 300w, http:\/\/desarrollo.grupomedios.com\/futbol\/wp-content\/uploads\/2018\/03\/cruz-azul-coaching-768x432.jpg 768w, http:\/\/desarrollo.grupomedios.com\/futbol\/wp-content\/uploads\/2018\/03\/cruz-azul-coaching-1024x576.jpg 1024w, http:\/\/desarrollo.grupomedios.com\/futbol\/wp-content\/uploads\/2018\/03\/cruz-azul-coaching-393x221.jpg 393w\" sizes=\"(max-width: 1136px) 100vw, 1136px\" \/><p id=\"caption-attachment-520058\" class=\"wp-caption-text\">Cruz Azul tendr\u00e1 coaching personal<\/p><\/div>\n<h2>\u00bfQu\u00e9 ofrece?<\/h2>\n<p><mark>&#8220;Consultor en Efectividad, que desde la identificaci\u00f3n de disfunciones en los Equipos de Trabajo naturales, est\u00e1 orientado a incidir en la mejora integral y sist\u00e9mica, de sus Procesos Humanos&#8221;<\/mark>, as\u00ed se define en su perfil de LinkedIn, adem\u00e1s que sus especialidades son; <strong>Team Building, Inteligencia Emocional, Efectividad, \u00c9tica Organizacional, Conferencias y Actividades Vivenciales Masivas, Coaching a CEO&#8217;s.<\/strong><\/p>\n<p>Desde febrero se uni\u00f3 al grupo de Cruz Azul para acompa\u00f1arlos en el duelo que vivieron ante Puebla en la Copa MX, pero ahora se ha dedicado ya de lleno a trabajar en sesiones individuales y grupales con el objetivo de escuchar las situaciones que los tienen molestos o inc\u00f3modos para ayudarles a superarlas. Algo en lo que los futbolistas han trabajado con buena disposici\u00f3n al momento.<\/p>\n<p>Una de las din\u00e1micas que realiz\u00f3 durante su trabajo con los laguneros era<strong> dividir a los futbolistas en sus respectivas posiciones para pedirles que indicaran las fortalezas de cada uno y expresar lo que esperan lograr en conjunto<\/strong>. Otro factor importante es que no tiene horarios fijos, pues se coordina con los l\u00edderes de las \u00e1reas para familiarizarse con la din\u00e1mica del equipo.<\/p>\n<p style=\"text-align: center;\"><a href=\"https:\/\/www.futboltotal.com.mx\/futbol-internacional\/liga-de-espana\/fc-barcelona-teme-la-salida-lionel-messi-esta-razon\/2018\/03\">VER M\u00c1S: FC Barcelona teme la salida de Lionel Messi por esta raz\u00f3n<\/a><\/p>\n<p>&nbsp;<\/p>\n","protected":false},"excerpt":{"rendered":"<p>Los cementeros buscar\u00e1n ayuda de un coaching personal para salir del mal paso en la Liga MX<\/p>\n","protected":false},"author":159,"featured_media":520059,"comment_status":"closed","ping_status":"closed","sticky":false,"template":"","format":"standard","meta":[],"categories":[2198,3845],"tags":[12032,9028,5962,64,1968],"_links":{"self":[{"href":"http:\/\/desarrollo.grupomedios.com\/futbol\/wp-json\/wp\/v2\/posts\/520050"}],"collection":[{"href":"http:\/\/desarrollo.grupomedios.com\/futbol\/wp-json\/wp\/v2\/posts"}],"about":[{"href":"http:\/\/desarrollo.grupomedios.com\/futbol\/wp-json\/wp\/v2\/types\/post"}],"author":[{"embeddable":true,"href":"http:\/\/desarrollo.grupomedios.com\/futbol\/wp-json\/wp\/v2\/users\/159"}],"replies":[{"embeddable":true,"href":"http:\/\/desarrollo.grupomedios.com\/futbol\/wp-json\/wp\/v2\/comments?post=520050"}],"version-history":[{"count":3,"href":"http:\/\/desarrollo.grupomedios.com\/futbol\/wp-json\/wp\/v2\/posts\/520050\/revisions"}],"predecessor-version":[{"id":520086,"href":"http:\/\/desarrollo.grupomedios.com\/futbol\/wp-json\/wp\/v2\/posts\/520050\/revisions\/520086"}],"wp:featuredmedia":[{"embeddable":true,"href":"http:\/\/desarrollo.grupomedios.com\/futbol\/wp-json\/wp\/v2\/media\/520059"}],"wp:attachment":[{"href":"http:\/\/desarrollo.grupomedios.com\/futbol\/wp-json\/wp\/v2\/media?parent=520050"}],"wp:term":[{"taxonomy":"category","embeddable":true,"href":"http:\/\/desarrollo.grupomedios.com\/futbol\/wp-json\/wp\/v2\/categories?post=520050"},{"taxonomy":"post_tag","embeddable":true,"href":"http:\/\/desarrollo.grupomedios.com\/futbol\/wp-json\/wp\/v2\/tags?post=520050"}],"curies":[{"name":"wp","href":"https:\/\/api.w.org\/{rel}","templated":true}]}}