{"id":520069,"date":"2018-03-08T15:17:25","date_gmt":"2018-03-08T21:17:25","guid":{"rendered":"https:\/\/www.futboltotal.com.mx\/?p=520069"},"modified":"2018-03-08T15:17:25","modified_gmt":"2018-03-08T21:17:25","slug":"rayados-penales-no-pierde-puntos-pero-si-campeonatos","status":"publish","type":"post","link":"http:\/\/desarrollo.grupomedios.com\/futbol\/futbol-mexicano\/rayados-penales-no-pierde-puntos-pero-si-campeonatos\/2018\/03","title":{"rendered":"Rayados en penales; no pierde puntos pero s\u00ed campeonatos"},"content":{"rendered":"<p>El cuadro de <strong>Rayados de Monterrey<\/strong> ha sufrido con los penales durante largo rato, la realidad es que su capacidad en el ataque le ha dado para que le alcance para sacar los partidos adelante, sin embargo en los m\u00e1s importantes ha dejado escapar la gloria y se han visto golpeados de forma importante, algo que ha causado un divorcio con la afici\u00f3n.<\/p>\n<p><mark>Dos t\u00edtulos han sido los que ha perdido el cuadro regiomontano al fallar dos penas m\u00e1ximas en finales de vuelta que pod\u00edan significar un campeonato para los de la <strong>Pandilla<\/strong>, en el Clausura 2016 y Apertura 2017<\/mark> se perdieron dos disparos desde los once pasos que pudieron darles la gloria.<\/p>\n<p>La \u00faltima ocasi\u00f3n, en la serie de penales ante los Gallos de Quer\u00e9taro en donde fueron eliminados de los Octavos de Final de la Copa MX, torneo del que ven\u00edan como campeones y buscaban repetir el t\u00edtulo.<\/p>\n<p>Por otro lado, en cuanto a los penales fallados en la Liga MX solo les han costado 4 puntos, adem\u00e1s que en cuatro encuentros en los que no ha tenido ninguna afectaci\u00f3n las penas m\u00e1ximas falladas, adem\u00e1s de un encuentro en la Copa MX en el que eliminaron a las \u00c1guilas del Am\u00e9rica.<\/p>\n<p style=\"text-align: center;\"><a href=\"https:\/\/www.futboltotal.com.mx\/futbol-internacional\/champions-league\/paulo-dybala-demuestra-se-calla-a-periodista\/2018\/03\">VER M\u00c1S: Paulo Dybala demuestra c\u00f3mo se calla a un periodista<\/a><\/p>\n<p>Estos son los penales fallados por Rayados:<\/p>\n<p>Clausura 2016 &#8211;\u00a0 Final de Vuelta &#8211; Monterrey 0-1 Pachuca: <strong>Edwin Cardona<\/strong><\/p>\n<p>Apertura 2017 &#8211; Jornada 4 &#8211; Monterrey 4-1 Chivas: <strong>Dorlan Pab\u00f3n\u00a0<\/strong><\/p>\n<p>Apertura 2017 -Jornada 17- Cruz Azul 1-1 Monterrey: <strong>Dorlan Pab\u00f3n\u00a0<\/strong><\/p>\n<p>Apertura 2017 -Jornada 8 &#8211; Monterrey 1-0 Necaxa: <strong>Carlos S\u00e1nchez<\/strong><\/p>\n<p>Apertura 2017 -Jornada 9 &#8211; Monterrey 2-1 Atlas: <strong>Rogelio Funes Mori\u00a0<\/strong><\/p>\n<p>Apertura 2017 &#8211; Final de vuelta &#8211; Monterrey 1-2 Tigres: <strong>Avil\u00e9s Hurtado\u00a0<\/strong><\/p>\n<p>Apertura 2017 &#8211; Copa MX Monterrey 0(3)-(0)0 Am\u00e9rica: <strong>Dorlan Pab\u00f3n<\/strong><\/p>\n<p>Clausura 2018 &#8211; Jornada 8 &#8211; Monterrey 0-0 Tijuana: <strong>Avil\u00e9s Hurtado<\/strong><\/p>\n<p>Clausura 2018 &#8211; Jornada 9 -Monterrey 2-1 Atlas:\u00a0<strong>Stefan Medina<\/strong><\/p>\n<p>Clausura 2018 &#8211; Copa MX &#8211; Monterrey 1(2)-(3)1 Quer\u00e9taro: <strong>Carlos S\u00e1nchez\u00a0<\/strong><\/p>\n<p>Clausura 2018 &#8211; Copa MX &#8211; Monterrey 1(2)-(3)1 Quer\u00e9taro: <strong>Avil\u00e9s Hurtado\u00a0<\/strong><\/p>\n<p style=\"text-align: center;\"><a href=\"https:\/\/www.futboltotal.com.mx\/futbol-internacional\/liga-de-espana\/fc-barcelona-teme-la-salida-lionel-messi-esta-razon\/2018\/03\">VER M\u00c1S: FC Barcelona teme la salida de Lionel Messi por esta raz\u00f3n<\/a><\/p>\n","protected":false},"excerpt":{"rendered":"<p>El cuadro regio no ha logrado establecer un cobrador seguro de penales<\/p>\n","protected":false},"author":159,"featured_media":520075,"comment_status":"closed","ping_status":"closed","sticky":false,"template":"","format":"standard","meta":[],"categories":[2198,3845],"tags":[9028,64,1329],"_links":{"self":[{"href":"http:\/\/desarrollo.grupomedios.com\/futbol\/wp-json\/wp\/v2\/posts\/520069"}],"collection":[{"href":"http:\/\/desarrollo.grupomedios.com\/futbol\/wp-json\/wp\/v2\/posts"}],"about":[{"href":"http:\/\/desarrollo.grupomedios.com\/futbol\/wp-json\/wp\/v2\/types\/post"}],"author":[{"embeddable":true,"href":"http:\/\/desarrollo.grupomedios.com\/futbol\/wp-json\/wp\/v2\/users\/159"}],"replies":[{"embeddable":true,"href":"http:\/\/desarrollo.grupomedios.com\/futbol\/wp-json\/wp\/v2\/comments?post=520069"}],"version-history":[{"count":1,"href":"http:\/\/desarrollo.grupomedios.com\/futbol\/wp-json\/wp\/v2\/posts\/520069\/revisions"}],"predecessor-version":[{"id":520076,"href":"http:\/\/desarrollo.grupomedios.com\/futbol\/wp-json\/wp\/v2\/posts\/520069\/revisions\/520076"}],"wp:featuredmedia":[{"embeddable":true,"href":"http:\/\/desarrollo.grupomedios.com\/futbol\/wp-json\/wp\/v2\/media\/520075"}],"wp:attachment":[{"href":"http:\/\/desarrollo.grupomedios.com\/futbol\/wp-json\/wp\/v2\/media?parent=520069"}],"wp:term":[{"taxonomy":"category","embeddable":true,"href":"http:\/\/desarrollo.grupomedios.com\/futbol\/wp-json\/wp\/v2\/categories?post=520069"},{"taxonomy":"post_tag","embeddable":true,"href":"http:\/\/desarrollo.grupomedios.com\/futbol\/wp-json\/wp\/v2\/tags?post=520069"}],"curies":[{"name":"wp","href":"https:\/\/api.w.org\/{rel}","templated":true}]}}