{"id":520074,"date":"2018-03-08T15:31:56","date_gmt":"2018-03-08T21:31:56","guid":{"rendered":"https:\/\/www.futboltotal.com.mx\/?p=520074"},"modified":"2018-03-08T15:31:56","modified_gmt":"2018-03-08T21:31:56","slug":"copa-mx-los-dias-horarios-los-cuartos-final","status":"publish","type":"post","link":"http:\/\/desarrollo.grupomedios.com\/futbol\/futbol-mexicano\/copa-mx-los-dias-horarios-los-cuartos-final\/2018\/03","title":{"rendered":"Copa MX: los d\u00edas y horarios de los cuartos de final"},"content":{"rendered":"<p>La <strong>Copa MX<\/strong> dio a conocer los d\u00edas y los horarios en que se llevar\u00e1n a cabo los cuartos de final de la edici\u00f3n <strong>Clausura 2018<\/strong>.<\/p>\n<p>El martes 13 de marzo comenzar\u00e1 la fiesta de los cuartos de final con el duelo entre los <strong>Ca\u00f1eros de Zacatepec y los Esmeraldas de Le\u00f3n<\/strong> a las 19:00 horas.<\/p>\n<p>A las 21:15 horas, <strong>Santos Laguna<\/strong> recibir\u00e1 la visita de los <strong>Gallos Blancos de Quer\u00e9taro<\/strong> en la cancha del estadio Corregidora.<\/p>\n<p style=\"text-align: center;\"><span style=\"color: #333399;\"><a href=\"https:\/\/www.futboltotal.com.mx\/futbol-mexicano\/rayados-penales-no-pierde-puntos-pero-si-campeonatos\/2018\/03\">VER M\u00c1S: <span class=\"item-title\">Rayados en penales; no pierde puntos pero s\u00ed campeonatos<\/span><\/a><\/span><\/p>\n<p>El mi\u00e9rcoles 14 de marzo a las 19:00 horas, <strong>Cafetaleros de Tapachula<\/strong> reciben la visita de los <strong>Diablos Rojos del Toluca<\/strong>.<\/p>\n<p>Mientras que el juego entre los <strong>Pumas de la UNAM y los Rayos del Necaxa<\/strong> se enfrentar\u00e1n en el juego que cierra la fase de cuartos de final a las 21:15 horas.<\/p>\n<p>&nbsp;<\/p>\n","protected":false},"excerpt":{"rendered":"<p>Se jugar\u00e1n los d\u00edas martes y mi\u00e9rcoles<\/p>\n","protected":false},"author":160,"featured_media":520079,"comment_status":"closed","ping_status":"closed","sticky":false,"template":"","format":"standard","meta":[],"categories":[4247,2198,3845],"tags":[285,482],"_links":{"self":[{"href":"http:\/\/desarrollo.grupomedios.com\/futbol\/wp-json\/wp\/v2\/posts\/520074"}],"collection":[{"href":"http:\/\/desarrollo.grupomedios.com\/futbol\/wp-json\/wp\/v2\/posts"}],"about":[{"href":"http:\/\/desarrollo.grupomedios.com\/futbol\/wp-json\/wp\/v2\/types\/post"}],"author":[{"embeddable":true,"href":"http:\/\/desarrollo.grupomedios.com\/futbol\/wp-json\/wp\/v2\/users\/160"}],"replies":[{"embeddable":true,"href":"http:\/\/desarrollo.grupomedios.com\/futbol\/wp-json\/wp\/v2\/comments?post=520074"}],"version-history":[{"count":1,"href":"http:\/\/desarrollo.grupomedios.com\/futbol\/wp-json\/wp\/v2\/posts\/520074\/revisions"}],"predecessor-version":[{"id":520080,"href":"http:\/\/desarrollo.grupomedios.com\/futbol\/wp-json\/wp\/v2\/posts\/520074\/revisions\/520080"}],"wp:featuredmedia":[{"embeddable":true,"href":"http:\/\/desarrollo.grupomedios.com\/futbol\/wp-json\/wp\/v2\/media\/520079"}],"wp:attachment":[{"href":"http:\/\/desarrollo.grupomedios.com\/futbol\/wp-json\/wp\/v2\/media?parent=520074"}],"wp:term":[{"taxonomy":"category","embeddable":true,"href":"http:\/\/desarrollo.grupomedios.com\/futbol\/wp-json\/wp\/v2\/categories?post=520074"},{"taxonomy":"post_tag","embeddable":true,"href":"http:\/\/desarrollo.grupomedios.com\/futbol\/wp-json\/wp\/v2\/tags?post=520074"}],"curies":[{"name":"wp","href":"https:\/\/api.w.org\/{rel}","templated":true}]}}