{"id":520109,"date":"2018-03-08T18:08:53","date_gmt":"2018-03-09T00:08:53","guid":{"rendered":"https:\/\/www.futboltotal.com.mx\/?p=520109"},"modified":"2018-03-08T18:08:53","modified_gmt":"2018-03-09T00:08:53","slug":"en-canada-celebran-triunfo-toronto-fc-ante-tigres-papel","status":"publish","type":"post","link":"http:\/\/desarrollo.grupomedios.com\/futbol\/futbol-internacional\/en-canada-celebran-triunfo-toronto-fc-ante-tigres-papel\/2018\/03","title":{"rendered":"En Canad\u00e1 celebran triunfo de Toronto FC ante un &#8220;Tigres de papel&#8221;"},"content":{"rendered":"<p>A pesar del poderoso plantel con el que cuentan y de ser los actuales campeones del futbol mexicano, los <strong>Tigres<\/strong> no pudieron derrotar al <strong>Toronto FC<\/strong> en los Cuartos de Final de Ida de la <strong>Concachampions<\/strong> y terminaron cayendo 2-1, algo que los canadienses celebraron.<\/p>\n<p>El conjunto felino hab\u00eda rescatado el empate gracias a un gol de <strong>Eduardo Vargas<\/strong>, pero apenas a tres minutos del final, una jugada de <strong>Sebasti\u00e1n Giovinco<\/strong> permiti\u00f3 que <strong>Jonathan Osorio<\/strong> diera el triunfo al Toronto.<\/p>\n<p>Esto fue motivo de celebraci\u00f3n en <strong>Canad\u00e1<\/strong>, pues los diarios celebraron el triunfo y hasta llamaron &#8220;Tigre de Papel&#8221; al conjunto que dirige <strong>Ricardo Ferretti<\/strong>.<\/p>\n<p style=\"text-align: center;\"><span style=\"color: #3366ff;\"><a href=\"https:\/\/www.futboltotal.com.mx\/futbol-internacional\/concachampions\/la-mls-seattle-sounders-celebraron-triunfo-liga-mx\/2018\/03\">VER M\u00c1S: La MLS y Seattle Sounders celebraron triunfo sobre Liga MX<\/a><\/span><\/p>\n<p><img decoding=\"async\" loading=\"lazy\" class=\"size-full wp-image-520117 aligncenter\" src=\"https:\/\/www.futboltotal.com.mx\/wp-content\/uploads\/2018\/03\/Tigres-de-papel-canada.jpg\" alt=\"En Canad\u00e1 celebran triunfo de Toronto FC ante un &#8220;Tigres de papel&#8221; 0\" srcset=\"http:\/\/desarrollo.grupomedios.com\/futbol\/wp-content\/uploads\/2018\/03\/Tigres-de-papel-canada.jpg 548w, http:\/\/desarrollo.grupomedios.com\/futbol\/wp-content\/uploads\/2018\/03\/Tigres-de-papel-canada-223x300.jpg 223w\" sizes=\"(max-width: 548px) 100vw, 548px\" \/><\/p>\n<p>En Tigres ya tienen respuesta para los canadieneses y <strong>Miguel Garza<\/strong>, delegado deportivo del club, respondi\u00f3 al decir que el fr\u00edo les afecta.<\/p>\n<p>\u201cA lo mejor ellos no les llegan las noticias de lo que es el equipo y no han tener idea de qu\u00e9 es. All\u00e1 el frio les congela lo que son las formas de pensar, creo que faltan los 90 minutos y m\u00e1s que hablar aqu\u00ed en los peri\u00f3dicos y en medios, hay que hablar en la cancha\u201d, declar\u00f3 a su salida de las oficinas del equipo.<\/p>\n<p>Ser\u00e1 el pr\u00f3ximo martes 13 de marzo cuando los Tigres reciban al Toronto FC en la cancha del <strong>Estadio Universitario<\/strong>, donde los visitantes llevar\u00e1n ventaja en el marcador de 2-1. Los <em>Felinos<\/em> tendr\u00e1n que marcar un gol para pasar a las Semifinales de la <strong>Concachampions<\/strong>.<\/p>\n<blockquote class=\"twitter-tweet\" data-width=\"500\">\n<p lang=\"en\" dir=\"ltr\">A clash of heavyweights did not disappoint.<\/p>\n<p>Check out the match highlights from tonight&#39;s comeback victory over <a href=\"https:\/\/twitter.com\/TigresOficial?ref_src=twsrc%5Etfw\">@TigresOficial<\/a> in the first leg of <a href=\"https:\/\/twitter.com\/TheChampions?ref_src=twsrc%5Etfw\">@TheChampions<\/a> quarterfinals.<a href=\"https:\/\/twitter.com\/hashtag\/TFCLive?src=hash&amp;ref_src=twsrc%5Etfw\">#TFCLive<\/a> | <a href=\"https:\/\/twitter.com\/hashtag\/TORvTIG?src=hash&amp;ref_src=twsrc%5Etfw\">#TORvTIG<\/a> | <a href=\"https:\/\/twitter.com\/hashtag\/SCCL2018?src=hash&amp;ref_src=twsrc%5Etfw\">#SCCL2018<\/a> <a href=\"https:\/\/t.co\/ZBJ2nGDY74\">pic.twitter.com\/ZBJ2nGDY74<\/a><\/p>\n<p>&mdash; Toronto FC (@torontofc) <a href=\"https:\/\/twitter.com\/torontofc\/status\/971599941851168768?ref_src=twsrc%5Etfw\">March 8, 2018<\/a><\/p><\/blockquote>\n<p><script async src=\"https:\/\/platform.twitter.com\/widgets.js\" charset=\"utf-8\"><\/script><\/p>\n","protected":false},"excerpt":{"rendered":"<p>Los canadienses triunfaron en el partido de Ida.<\/p>\n","protected":false},"author":129,"featured_media":520121,"comment_status":"closed","ping_status":"closed","sticky":false,"template":"","format":"standard","meta":[],"categories":[5398,3839],"tags":[282,3182,5973,906],"_links":{"self":[{"href":"http:\/\/desarrollo.grupomedios.com\/futbol\/wp-json\/wp\/v2\/posts\/520109"}],"collection":[{"href":"http:\/\/desarrollo.grupomedios.com\/futbol\/wp-json\/wp\/v2\/posts"}],"about":[{"href":"http:\/\/desarrollo.grupomedios.com\/futbol\/wp-json\/wp\/v2\/types\/post"}],"author":[{"embeddable":true,"href":"http:\/\/desarrollo.grupomedios.com\/futbol\/wp-json\/wp\/v2\/users\/129"}],"replies":[{"embeddable":true,"href":"http:\/\/desarrollo.grupomedios.com\/futbol\/wp-json\/wp\/v2\/comments?post=520109"}],"version-history":[{"count":1,"href":"http:\/\/desarrollo.grupomedios.com\/futbol\/wp-json\/wp\/v2\/posts\/520109\/revisions"}],"predecessor-version":[{"id":520122,"href":"http:\/\/desarrollo.grupomedios.com\/futbol\/wp-json\/wp\/v2\/posts\/520109\/revisions\/520122"}],"wp:featuredmedia":[{"embeddable":true,"href":"http:\/\/desarrollo.grupomedios.com\/futbol\/wp-json\/wp\/v2\/media\/520121"}],"wp:attachment":[{"href":"http:\/\/desarrollo.grupomedios.com\/futbol\/wp-json\/wp\/v2\/media?parent=520109"}],"wp:term":[{"taxonomy":"category","embeddable":true,"href":"http:\/\/desarrollo.grupomedios.com\/futbol\/wp-json\/wp\/v2\/categories?post=520109"},{"taxonomy":"post_tag","embeddable":true,"href":"http:\/\/desarrollo.grupomedios.com\/futbol\/wp-json\/wp\/v2\/tags?post=520109"}],"curies":[{"name":"wp","href":"https:\/\/api.w.org\/{rel}","templated":true}]}}