{"id":520145,"date":"2018-03-09T08:33:13","date_gmt":"2018-03-09T14:33:13","guid":{"rendered":"https:\/\/www.futboltotal.com.mx\/?p=520145"},"modified":"2018-03-09T08:34:17","modified_gmt":"2018-03-09T14:34:17","slug":"neymar-se-habria-ofrecido-para-regresar-al-fc-barcelona","status":"publish","type":"post","link":"http:\/\/desarrollo.grupomedios.com\/futbol\/futbol-internacional\/neymar-se-habria-ofrecido-para-regresar-al-fc-barcelona\/2018\/03","title":{"rendered":"Neymar se habr\u00eda ofrecido para regresar al FC Barcelona"},"content":{"rendered":"<p>La incre\u00edble situaci\u00f3n de <strong>Neymar Jr<\/strong> en el<strong> Paris Saint-Germain<\/strong> no deja de dar de qu\u00e9 hablar,\u00a0 pues desde el pasado 3 de agosto, cuando se hizo oficialmente el deposito por parte de los abogados del futbolista a las\u00a0oficinas del <strong>FC Barcelona<\/strong> un cheque del\u00a0<b>Qatar National Bank\u00a0<\/b>por valor de <strong>222 millones de euros<\/strong> y dej\u00f3 a la entidad azulgrana y enrolarse con los parisinos hasta 2022, el futbolista brasile\u00f1o no ha dejado de tener contacto con sus ex compa\u00f1eros y luego de la situaci\u00f3n que vive, se est\u00e1 especulando que desear\u00eda regresar a la entidad espa\u00f1ola.<\/p>\n<p>De acuerdo al rotativo Mundo Deportivo, el futbolista estuvo ofreci\u00e9ndose para volver al <strong>FC Barcelona<\/strong> en reiteradas ocasiones, eso s\u00ed esto sucedi\u00f3 antes de la lesi\u00f3n que lo afectara en el tobillo y que lo dejara fuera del duelo de vuelta ante el<strong> Real Madrid<\/strong> en la <strong>UEFA Champions League<\/strong> y que adem\u00e1s lo tendr\u00e1 fuera por lo que resta de la temporada, dejando a la deriva su recuperaci\u00f3n para la <strong>Copa del Mundo de Rusia 2018.<\/strong><\/p>\n<div style=\"width: 1190px\" class=\"wp-caption aligncenter\"><img decoding=\"async\" loading=\"lazy\" src=\"http:\/\/static3.uk.businessinsider.com\/image\/59818b8860dc8b20008b49e5\/neymar-just-asked-to-leave-fc-barcelona.jpg\" alt=\"Neymar se habr\u00eda ofrecido para regresar al FC Barcelona 0\" \/><p class=\"wp-caption-text\">Neymar durante un encuentro con el FC Barcelona<\/p><\/div>\n<p style=\"text-align: center;\"><a href=\"https:\/\/www.futboltotal.com.mx\/futbol-mexicano\/seleccion-mexicana\/se-filtra-nuevo-uniforme-visitante-del-tri-rusia-2018\/2018\/03\">VER M\u00c1S: Se filtra el nuevo uniforme de visitante del Tri para Rusia 2018<\/a><\/p>\n<p>La publicaci\u00f3n indica que el brasile\u00f1o ha intentado regresar a la disciplina cul\u00e9 y lo ha manifestado con varios departamentos del equipo <mark>pidiendo pr\u00e1cticamente una ayuda\u00a0S.O.S, sobre todo con aquellos que todav\u00eda mantiene un contacto. Ejecutivos, empleados del club en el \u00e1rea deportiva y al menos a un directivo del club<\/mark> es con quien ha manifestado su deseo de volver.<\/p>\n<h2>Cometi\u00f3 errores<\/h2>\n<div>\n<p>El entorno cercano al brasile\u00f1o se\u00f1ala que admite que cometi\u00f3 varios errores, uno de ellos querer buscar su espacio de super estrella lejos de Lionel Messi; otro que indica la misma fuente, es que se nubl\u00f3 ante el poder\u00edo econ\u00f3mico del PSG; tampoco est\u00e1 convencido que su marcha al equipo de Francia le ayude a crecer como futbolista; de la mano va que no estaba consciente de lo bajo que era el nivel de la Ligue 1 con respecto a LaLiga; y por \u00faltimo establece que desea un vestuario sin tensiones ni grupos de ning\u00fan tipo, as\u00ed como el que ten\u00eda con los Blaugranas.<\/p>\n<p>Esto, aunado a que no esperaba que los terrenos de juego fueran tan duros, pues los jugadores que se ha encontrado son muy f\u00e9rreos, algo que le ha provocado salir lesionado y ser lastimado, lo cierto es que esto podr\u00eda ser el principio de una despedida muy pronta del PSG.<\/p>\n<div style=\"width: 410px\" class=\"wp-caption aligncenter\"><img decoding=\"async\" loading=\"lazy\" src=\"http:\/\/www.record.com.mx\/sites\/default\/files\/articulos\/2018\/03\/08\/portada-mundo-deportivo-080318-20180308214056.jpg\" alt=\"Neymar se habr\u00eda ofrecido para regresar al FC Barcelona 1\" \/><p class=\"wp-caption-text\">Neymar desea volver al FC Barcelona<\/p><\/div>\n<p style=\"text-align: center;\"><a href=\"https:\/\/www.futboltotal.com.mx\/especial-ft\/las-playeras-mas-exoticas-en-la-historia-de-la-copa-del-mundo\/2018\/03\">VER M\u00c1S: Las playeras m\u00e1s ex\u00f3ticas en la historia de la Copa del Mundo<\/a><\/p>\n<\/div>\n","protected":false},"excerpt":{"rendered":"<p>El brasile\u00f1o no ha estado del todo c\u00f3modo con lo que vive en Francia<\/p>\n","protected":false},"author":159,"featured_media":520146,"comment_status":"closed","ping_status":"closed","sticky":false,"template":"","format":"standard","meta":[],"categories":[3839,3844],"tags":[1083,6001,1376],"_links":{"self":[{"href":"http:\/\/desarrollo.grupomedios.com\/futbol\/wp-json\/wp\/v2\/posts\/520145"}],"collection":[{"href":"http:\/\/desarrollo.grupomedios.com\/futbol\/wp-json\/wp\/v2\/posts"}],"about":[{"href":"http:\/\/desarrollo.grupomedios.com\/futbol\/wp-json\/wp\/v2\/types\/post"}],"author":[{"embeddable":true,"href":"http:\/\/desarrollo.grupomedios.com\/futbol\/wp-json\/wp\/v2\/users\/159"}],"replies":[{"embeddable":true,"href":"http:\/\/desarrollo.grupomedios.com\/futbol\/wp-json\/wp\/v2\/comments?post=520145"}],"version-history":[{"count":2,"href":"http:\/\/desarrollo.grupomedios.com\/futbol\/wp-json\/wp\/v2\/posts\/520145\/revisions"}],"predecessor-version":[{"id":520148,"href":"http:\/\/desarrollo.grupomedios.com\/futbol\/wp-json\/wp\/v2\/posts\/520145\/revisions\/520148"}],"wp:featuredmedia":[{"embeddable":true,"href":"http:\/\/desarrollo.grupomedios.com\/futbol\/wp-json\/wp\/v2\/media\/520146"}],"wp:attachment":[{"href":"http:\/\/desarrollo.grupomedios.com\/futbol\/wp-json\/wp\/v2\/media?parent=520145"}],"wp:term":[{"taxonomy":"category","embeddable":true,"href":"http:\/\/desarrollo.grupomedios.com\/futbol\/wp-json\/wp\/v2\/categories?post=520145"},{"taxonomy":"post_tag","embeddable":true,"href":"http:\/\/desarrollo.grupomedios.com\/futbol\/wp-json\/wp\/v2\/tags?post=520145"}],"curies":[{"name":"wp","href":"https:\/\/api.w.org\/{rel}","templated":true}]}}