{"id":520150,"date":"2018-03-09T09:30:47","date_gmt":"2018-03-09T15:30:47","guid":{"rendered":"https:\/\/www.futboltotal.com.mx\/?p=520150"},"modified":"2018-03-09T09:30:47","modified_gmt":"2018-03-09T15:30:47","slug":"alan-pulido-arremete-contra-falta-de-refuerzos-en-chivas","status":"publish","type":"post","link":"http:\/\/desarrollo.grupomedios.com\/futbol\/destacado-home\/alan-pulido-arremete-contra-falta-de-refuerzos-en-chivas\/2018\/03","title":{"rendered":"Alan Pulido arremete contra falta de refuerzos en Chivas"},"content":{"rendered":"<p>El delantero de las <strong>Chivas de Guadalajara, Alan Pulido<\/strong> se ha metido en el ojo de la directiva del equipo, luego de indicar que les hace falta refuerzos para tener un equipo de peso, sobre todo luego de evidenciar sus carencias la derrota sufrida en la <strong>Liga de Campeones de la Concacaf<\/strong> ante el <strong>Seattle Sounders<\/strong> que los ha dejado al borde de la eliminaci\u00f3n en el torneo.<\/p>\n<p>\u201cRealmente s\u00ed, este era un torneo importante y por ah\u00ed <mark>yo hubiera querido que llegaran jugadores obviamente diferentes, con otro peso, con otro tipo de jerarqu\u00eda, con m\u00e1s minutos jugados, con m\u00e1s experiencia.<\/mark> No digo que los que llegaron son malos, obviamente los que llegaron (<strong>Walter Gael Sandoval y Ronaldo Cisneros<\/strong>) tienen gran calidad, pero son jugadores j\u00f3venes\u201d, expres\u00f3 el ariete del Reba\u00f1o, dejando en claro que para el actual semestre le hicieron falta refuerzos al equipo Rojiblanco.<\/p>\n<p>&#8220;No nos est\u00e1 alcanzando con la din\u00e1mica que tenemos, <mark>nos faltan jugadores de m\u00e1s peso.\u00a0Eso se nota: nos faltan jugadores.<\/mark> Tenemos gran calidad y muchos j\u00f3venes que tienen un buen desempe\u00f1o, pero no tienen esa experiencia y jerarqu\u00eda que marca los partidos complicados, como los Cl\u00e1sicos&#8221;, se\u00f1al\u00f3 el futbolista.<\/p>\n<p style=\"text-align: center;\"><a href=\"https:\/\/www.futboltotal.com.mx\/futbol-internacional\/liga-de-espana\/neymar-se-habria-ofrecido-para-regresar-al-fc-barcelona\/2018\/03\">VER M\u00c1S: Neymar se habr\u00eda ofrecido para regresar al FC Barcelona<\/a><\/p>\n<div style=\"width: 1130px\" class=\"wp-caption aligncenter\"><img decoding=\"async\" loading=\"lazy\" src=\"https:\/\/periodicocontacto.com.mx\/wp-content\/uploads\/2018\/01\/alan.jpg\" alt=\"Alan Pulido arremete contra falta de refuerzos en Chivas 0\" \/><p class=\"wp-caption-text\">Alan Pulido durante un encuentro de Chivas<\/p><\/div>\n<p>La realidad es que Pulido, deber\u00eda ser uno de esos futbolistas con jerarqu\u00eda dentro del plantel, pues a sus 27 a\u00f1os ha sido campe\u00f3n con <strong>Chivas y Tigres UANL<\/strong>, adem\u00e1s de un breve paso por el futbol de Europa con el <strong>Levadiakos y Olympiacos de Grecia<\/strong>, pero en el actual Clausura 2018 tiene <strong>10 juegos<\/strong> disputados con <strong>765 minutos<\/strong> y apenas <strong>4 goles<\/strong>, una cuota muy pobre para el jugador.<\/p>\n<p>En cuanto a los refuerzos del Reba\u00f1o, el delantero tiene raz\u00f3n en dos cuestiones importantes; son jugadores j\u00f3venes, carecen de la personalidad y experiencia que requiere un equipo para poder establecer que los futbolistas llegan para apuntalar el plantel:<\/p>\n<p><mark>Ronaldo Cisneros<\/mark> tiene 21 a\u00f1os y lleg\u00f3 procedente de Santos Laguna, tiene 5 juegos den el plantel y 2 de ellos como titular, ostenta un gol en el presente torneo.<\/p>\n<p><mark>Walter Gael Sandoval<\/mark> tiene 22 a\u00f1os y de igual manera llega procedente de Santos Laguna, ha jugado 6 partidos con los Rojiblancos y solo uno de ellos como titular, teniendo un papel secundario en la media cancha del equipo.<\/p>\n<div id=\"attachment_520155\" style=\"width: 1146px\" class=\"wp-caption aligncenter\"><img aria-describedby=\"caption-attachment-520155\" decoding=\"async\" loading=\"lazy\" class=\"wp-image-520155 size-full\" src=\"https:\/\/www.futboltotal.com.mx\/wp-content\/uploads\/2018\/03\/ronaldo-cisneros.jpg\" alt=\"Alan Pulido arremete contra falta de refuerzos en Chivas 1\" srcset=\"http:\/\/desarrollo.grupomedios.com\/futbol\/wp-content\/uploads\/2018\/03\/ronaldo-cisneros.jpg 1136w, http:\/\/desarrollo.grupomedios.com\/futbol\/wp-content\/uploads\/2018\/03\/ronaldo-cisneros-300x169.jpg 300w, http:\/\/desarrollo.grupomedios.com\/futbol\/wp-content\/uploads\/2018\/03\/ronaldo-cisneros-768x432.jpg 768w, http:\/\/desarrollo.grupomedios.com\/futbol\/wp-content\/uploads\/2018\/03\/ronaldo-cisneros-1024x576.jpg 1024w, http:\/\/desarrollo.grupomedios.com\/futbol\/wp-content\/uploads\/2018\/03\/ronaldo-cisneros-393x221.jpg 393w\" sizes=\"(max-width: 1136px) 100vw, 1136px\" \/><p id=\"caption-attachment-520155\" class=\"wp-caption-text\">Ronaldo Cisneros festeja su gol ante los Rayos del Necaxa<\/p><\/div>\n<p style=\"text-align: center;\"><a href=\"https:\/\/www.futboltotal.com.mx\/futbol-internacional\/champions-league\/champions-league-origen-del-himno-la-orejona\/2018\/03\">VER M\u00c1S: Champions League; el origen del himno y la \u2018Orejona\u2019<\/a><\/p>\n","protected":false},"excerpt":{"rendered":"<p>El delantero del Reba\u00f1o no se call\u00f3 nada e indic\u00f3 que hace falta peso en el plantel rojiblanco<\/p>\n","protected":false},"author":159,"featured_media":520156,"comment_status":"closed","ping_status":"closed","sticky":false,"template":"","format":"standard","meta":[],"categories":[5,2198,3845],"tags":[1607,70,9028,5963,64,8675,11066],"_links":{"self":[{"href":"http:\/\/desarrollo.grupomedios.com\/futbol\/wp-json\/wp\/v2\/posts\/520150"}],"collection":[{"href":"http:\/\/desarrollo.grupomedios.com\/futbol\/wp-json\/wp\/v2\/posts"}],"about":[{"href":"http:\/\/desarrollo.grupomedios.com\/futbol\/wp-json\/wp\/v2\/types\/post"}],"author":[{"embeddable":true,"href":"http:\/\/desarrollo.grupomedios.com\/futbol\/wp-json\/wp\/v2\/users\/159"}],"replies":[{"embeddable":true,"href":"http:\/\/desarrollo.grupomedios.com\/futbol\/wp-json\/wp\/v2\/comments?post=520150"}],"version-history":[{"count":1,"href":"http:\/\/desarrollo.grupomedios.com\/futbol\/wp-json\/wp\/v2\/posts\/520150\/revisions"}],"predecessor-version":[{"id":520157,"href":"http:\/\/desarrollo.grupomedios.com\/futbol\/wp-json\/wp\/v2\/posts\/520150\/revisions\/520157"}],"wp:featuredmedia":[{"embeddable":true,"href":"http:\/\/desarrollo.grupomedios.com\/futbol\/wp-json\/wp\/v2\/media\/520156"}],"wp:attachment":[{"href":"http:\/\/desarrollo.grupomedios.com\/futbol\/wp-json\/wp\/v2\/media?parent=520150"}],"wp:term":[{"taxonomy":"category","embeddable":true,"href":"http:\/\/desarrollo.grupomedios.com\/futbol\/wp-json\/wp\/v2\/categories?post=520150"},{"taxonomy":"post_tag","embeddable":true,"href":"http:\/\/desarrollo.grupomedios.com\/futbol\/wp-json\/wp\/v2\/tags?post=520150"}],"curies":[{"name":"wp","href":"https:\/\/api.w.org\/{rel}","templated":true}]}}