{"id":520167,"date":"2018-03-09T10:51:21","date_gmt":"2018-03-09T16:51:21","guid":{"rendered":"https:\/\/www.futboltotal.com.mx\/?p=520167"},"modified":"2018-03-09T10:51:21","modified_gmt":"2018-03-09T16:51:21","slug":"pep-guardiola-se-lleva-fuerte-sancion-lazo-amarillo","status":"publish","type":"post","link":"http:\/\/desarrollo.grupomedios.com\/futbol\/futbol-internacional\/pep-guardiola-se-lleva-fuerte-sancion-lazo-amarillo\/2018\/03","title":{"rendered":"Pep Guardiola se lleva fuerte sanci\u00f3n por lazo amarillo"},"content":{"rendered":"<p><strong>Pep Guardiola<\/strong>, entrenador del <strong>Manchester City,<\/strong> ha sido sancionado este viernes con una multa de <strong>20.000 libras (22.500 euros)<\/strong> por mostrar el lazo amarillo en apoyo a los pol\u00edticos catalanes que est\u00e1n en prisi\u00f3n durante los partidos de <strong>Premier League, Copa de la Liga y FA Cup.<\/strong><\/p>\n<p>El t\u00e9cnico utilizaba el lazo amarillo para reclamar la libertad de <strong>Jordi S\u00e1nchez y Jordi Cuixart,<\/strong> en prisi\u00f3n desde hace m\u00e1s de cuatro meses, y de <strong>Joaquim Forn y Oriol Junqueras<\/strong>, encarcelados desde el pasado 2 de noviembre, todos en prisi\u00f3n preventiva por su implicaci\u00f3n en el proceso independentista catal\u00e1n.<\/p>\n<p>La Federaci\u00f3n Inglesa (FA, por sus siglas en ingl\u00e9s) abri\u00f3 un expediente a Guardiola el pasado 23 de febrero por mostrar s\u00edmbolos pol\u00edticos durante los partidos.<\/p>\n<div style=\"width: 650px\" class=\"wp-caption aligncenter\"><img decoding=\"async\" loading=\"lazy\" src=\"https:\/\/img.europapress.es\/fotoweb\/fotonoticia_20180223175315_640_214_000.jpg\" alt=\"Pep Guardiola se lleva fuerte sanci\u00f3n por lazo amarillo 0\" \/><p class=\"wp-caption-text\">Pep Guardiola y su lazo amarillo<\/p><\/div>\n<p style=\"text-align: center;\"><a href=\"https:\/\/www.futboltotal.com.mx\/futbol-mexicano\/liga-mx\/alan-pulido-arremete-contra-falta-de-refuerzos-en-chivas\/2018\/03\">VER M\u00c1S: Alan Pulido arremete contra falta de refuerzos en Chivas<\/a><\/p>\n<h3>\u00bfPor qu\u00e9 lo utiliza?<\/h3>\n<p>El entrenador catal\u00e1n manifest\u00f3 en noviembre pasado, la raz\u00f3n por la que luce el lazo, la cual es en apoyo de los presos pol\u00edticos <mark>\u201cporque si un d\u00eda en la c\u00e1rcel ya es demasiado, miren cu\u00e1ntos llevan ya ellos, espero que pronto pueda dejar de llevarlo, espero que todos los pol\u00edticos que est\u00e1n en prisi\u00f3n vuelvan pronto con sus familias y sigan viviendo las vidas que merecen\u201d.<\/mark><\/p>\n<p><mark>&#8220;Si la UEFA, la FIFA o la Premier me quieren sancionar por llevar el lazo amarillo, adelante.<\/mark> Pero ellos, especialmente los Jordis, est\u00e1n en la c\u00e1rcel. S\u00f3lo ped\u00eda votar, no lo olvid\u00e9is. Lo llevo especialmente por dos personas que defendieron algo como votar. Para estar en prisi\u00f3n hay que hacer algo grave y ellos han estado m\u00e1s de 60 d\u00edas en la c\u00e1rcel&#8221;, estableci\u00f3 el entrenador del City aceptando la sanci\u00f3n que se le ha impuesto.<\/p>\n<p><iframe loading=\"lazy\" src=\"https:\/\/www.youtube.com\/embed\/OI42qCKQPBs\" frameborder=\"0\" allowfullscreen=\"allowfullscreen\"><\/iframe><\/p>\n<p style=\"text-align: center;\"><a href=\"https:\/\/www.futboltotal.com.mx\/futbol-mexicano\/liga-mx\/ex-cruz-azul-probara-suerte-en-polonia\/2018\/03\">VER M\u00c1S: Ex de Cruz Azul probar\u00e1 suerte en Polonia<\/a><\/p>\n","protected":false},"excerpt":{"rendered":"<p>El estratega del Manchester City fue sancionado con una fuerte suma de dinero<\/p>\n","protected":false},"author":159,"featured_media":520168,"comment_status":"closed","ping_status":"closed","sticky":false,"template":"","format":"standard","meta":[],"categories":[3839,3846],"tags":[2348,12040,5993,1791,334],"_links":{"self":[{"href":"http:\/\/desarrollo.grupomedios.com\/futbol\/wp-json\/wp\/v2\/posts\/520167"}],"collection":[{"href":"http:\/\/desarrollo.grupomedios.com\/futbol\/wp-json\/wp\/v2\/posts"}],"about":[{"href":"http:\/\/desarrollo.grupomedios.com\/futbol\/wp-json\/wp\/v2\/types\/post"}],"author":[{"embeddable":true,"href":"http:\/\/desarrollo.grupomedios.com\/futbol\/wp-json\/wp\/v2\/users\/159"}],"replies":[{"embeddable":true,"href":"http:\/\/desarrollo.grupomedios.com\/futbol\/wp-json\/wp\/v2\/comments?post=520167"}],"version-history":[{"count":1,"href":"http:\/\/desarrollo.grupomedios.com\/futbol\/wp-json\/wp\/v2\/posts\/520167\/revisions"}],"predecessor-version":[{"id":520169,"href":"http:\/\/desarrollo.grupomedios.com\/futbol\/wp-json\/wp\/v2\/posts\/520167\/revisions\/520169"}],"wp:featuredmedia":[{"embeddable":true,"href":"http:\/\/desarrollo.grupomedios.com\/futbol\/wp-json\/wp\/v2\/media\/520168"}],"wp:attachment":[{"href":"http:\/\/desarrollo.grupomedios.com\/futbol\/wp-json\/wp\/v2\/media?parent=520167"}],"wp:term":[{"taxonomy":"category","embeddable":true,"href":"http:\/\/desarrollo.grupomedios.com\/futbol\/wp-json\/wp\/v2\/categories?post=520167"},{"taxonomy":"post_tag","embeddable":true,"href":"http:\/\/desarrollo.grupomedios.com\/futbol\/wp-json\/wp\/v2\/tags?post=520167"}],"curies":[{"name":"wp","href":"https:\/\/api.w.org\/{rel}","templated":true}]}}