{"id":520185,"date":"2018-03-09T13:00:55","date_gmt":"2018-03-09T19:00:55","guid":{"rendered":"https:\/\/www.futboltotal.com.mx\/?p=520185"},"modified":"2018-03-09T13:00:55","modified_gmt":"2018-03-09T19:00:55","slug":"david-faitelson-habla-cuauhtemoc-15-anos-despues-del-golpe","status":"publish","type":"post","link":"http:\/\/desarrollo.grupomedios.com\/futbol\/futbol-mexicano\/david-faitelson-habla-cuauhtemoc-15-anos-despues-del-golpe\/2018\/03","title":{"rendered":"Faitelson habla de Cuauht\u00e9moc 15 a\u00f1os despu\u00e9s del golpe"},"content":{"rendered":"<p>El comentarista de televisi\u00f3n, <strong>David Fitelson,<\/strong> pidi\u00f3 a los usuarios en Twitter que lo dejen tranquilo por el golpe que recibi\u00f3 hace quince a\u00f1os de parte de\u00a0<strong>Cuauht\u00e9moc Blanco<\/strong> en el\u00a0<strong>Estadio Luis Pirata Fuente<\/strong> y lo hizo a trav\u00e9s del\u00a0hashtag <strong>#YaSu\u00e9ltenme.<\/strong><\/p>\n<blockquote class=\"twitter-tweet\" data-width=\"500\">\n<p lang=\"en\" dir=\"ltr\">Leave Faitelson alone! <a href=\"https:\/\/twitter.com\/hashtag\/TodosSomosFaitelson?src=hash&amp;ref_src=twsrc%5Etfw\">#TodosSomosFaitelson<\/a> <a href=\"https:\/\/twitter.com\/hashtag\/YaSu%C3%A9ltenme?src=hash&amp;ref_src=twsrc%5Etfw\">#YaSu\u00e9ltenme<\/a> <a href=\"https:\/\/t.co\/Jxat2FQIn3\">pic.twitter.com\/Jxat2FQIn3<\/a><\/p>\n<p>&mdash; Toque (@toque_espn) <a href=\"https:\/\/twitter.com\/toque_espn\/status\/972141459183841286?ref_src=twsrc%5Etfw\">March 9, 2018<\/a><\/p><\/blockquote>\n<p><script async src=\"https:\/\/platform.twitter.com\/widgets.js\" charset=\"utf-8\"><\/script><\/p>\n<p style=\"text-align: center;\"><a href=\"https:\/\/www.futboltotal.com.mx\/liga-de-francia\/edinson-cavani-harto-estar-a-la-sombra-desea-dejar-al-psg\/2018\/03\">VER M\u00c1S: Cavani, harto de estar a la sombra desea dejar al PSG<\/a><\/p>\n<p>En el programa llamado Toque en ESPN, el famoso comentarista deportivo habl\u00f3 del famoso pu\u00f1etazo y lo que sucedi\u00f3 alrededor del golpe, al igual que las respuestas que ponen los usuarios de Twitter a cada publicaci\u00f3n que realiza.<\/p>\n<p>\u201c<mark>El golpe fue en la nariz, pero no era para m\u00ed, era para el programa Ventaneando, yo me met\u00ed con Galilea ni nadie. Estaba siguiendo una bronca en el estadio de Veracruz y Cuauht\u00e9moc se meti\u00f3 el vestidor. Yo me pegu\u00e9 a la pared para poder ver bien lo que pasaba y ah\u00ed sali\u00f3 por la ventana y me peg\u00f3\u201d<\/mark>, indic\u00f3 Faitelson.<\/p>\n<p>El suceso se dio en marzo del 2003, cuando las \u00c1guilas del Am\u00e9rica jugaron un partido ante Veracruz en el\u00a0Luis &#8216;Pirata&#8217; Fuente, el &#8217;10&#8217; americanista se asom\u00f3 por una ventana del vestidor y le propin\u00f3 un golpe al reportero, poco despu\u00e9s del suceso, el jugador se disculp\u00f3 con el comunicador. Apenas el a\u00f1o pasado volvieron a reunirse durante un programa de televisi\u00f3n. <mark>\u201cEs un tipo que ya lo super\u00f3 y ya lo super\u00e9\u201d<\/mark>, rememor\u00f3 David.<\/p>\n<p><iframe loading=\"lazy\" src=\"https:\/\/www.youtube.com\/embed\/-uYGDcwvDMs\" frameborder=\"0\" allowfullscreen=\"allowfullscreen\"><\/iframe><\/p>\n<p style=\"text-align: center;\"><a href=\"https:\/\/www.futboltotal.com.mx\/futbol-mexicano\/liga-mx\/los-jugadores-mls-envidia-la-liga-mx\/2018\/03\">VER M\u00c1S: Los jugadores de MLS que envidia la Liga MX<\/a><\/p>\n","protected":false},"excerpt":{"rendered":"<p>El comunicador relat\u00f3 lo que vivi\u00f3 en ese momento e hizo una petici\u00f3n a los usuarios de Twitter<\/p>\n","protected":false},"author":159,"featured_media":520188,"comment_status":"closed","ping_status":"closed","sticky":false,"template":"","format":"standard","meta":[],"categories":[2198,3845],"tags":[5959,998,6501,6049],"_links":{"self":[{"href":"http:\/\/desarrollo.grupomedios.com\/futbol\/wp-json\/wp\/v2\/posts\/520185"}],"collection":[{"href":"http:\/\/desarrollo.grupomedios.com\/futbol\/wp-json\/wp\/v2\/posts"}],"about":[{"href":"http:\/\/desarrollo.grupomedios.com\/futbol\/wp-json\/wp\/v2\/types\/post"}],"author":[{"embeddable":true,"href":"http:\/\/desarrollo.grupomedios.com\/futbol\/wp-json\/wp\/v2\/users\/159"}],"replies":[{"embeddable":true,"href":"http:\/\/desarrollo.grupomedios.com\/futbol\/wp-json\/wp\/v2\/comments?post=520185"}],"version-history":[{"count":1,"href":"http:\/\/desarrollo.grupomedios.com\/futbol\/wp-json\/wp\/v2\/posts\/520185\/revisions"}],"predecessor-version":[{"id":520189,"href":"http:\/\/desarrollo.grupomedios.com\/futbol\/wp-json\/wp\/v2\/posts\/520185\/revisions\/520189"}],"wp:featuredmedia":[{"embeddable":true,"href":"http:\/\/desarrollo.grupomedios.com\/futbol\/wp-json\/wp\/v2\/media\/520188"}],"wp:attachment":[{"href":"http:\/\/desarrollo.grupomedios.com\/futbol\/wp-json\/wp\/v2\/media?parent=520185"}],"wp:term":[{"taxonomy":"category","embeddable":true,"href":"http:\/\/desarrollo.grupomedios.com\/futbol\/wp-json\/wp\/v2\/categories?post=520185"},{"taxonomy":"post_tag","embeddable":true,"href":"http:\/\/desarrollo.grupomedios.com\/futbol\/wp-json\/wp\/v2\/tags?post=520185"}],"curies":[{"name":"wp","href":"https:\/\/api.w.org\/{rel}","templated":true}]}}