{"id":520193,"date":"2018-03-09T14:05:11","date_gmt":"2018-03-09T20:05:11","guid":{"rendered":"https:\/\/www.futboltotal.com.mx\/?p=520193"},"modified":"2018-03-09T14:05:11","modified_gmt":"2018-03-09T20:05:11","slug":"liverpool-ofertaria-80-millones-jugador-del-fc-barcelona","status":"publish","type":"post","link":"http:\/\/desarrollo.grupomedios.com\/futbol\/futbol-internacional\/liverpool-ofertaria-80-millones-jugador-del-fc-barcelona\/2018\/03","title":{"rendered":"Liverpool ofertar\u00eda 80 millones por jugador del FC Barcelona"},"content":{"rendered":"<p>El cuadro del <strong>FC Barcelona<\/strong> est\u00e1 pasando por un gran momento, parece que todas sus piezas funcionan como un reloj, pero cada una de ellas llama de forma importante la atenci\u00f3n de otros clubes importantes en el Viejo Continente, uno de ellos es el <strong>Liverpool<\/strong> de la <strong>Premier League<\/strong> quien pretende echar toda la carne al asador por uno de los cul\u00e9s.<\/p>\n<p>El estratega,<strong> J\u00fcrgen Klopp<\/strong> desea reforzar su medio campo a toda costa y ha insistido en que sea en este verano donde consiga un refuerzo de lujo, de inmediato el nombre que ha lanzado es el del croata <strong>Iv\u00e1n Rakitic,<\/strong> quien est\u00e1 en la mira de los <strong>Reds,<\/strong> un jugador que ya han seguido en ocasiones anteriores y est\u00e1n dispuestos a sacar la billetera por el futbolista.<\/p>\n<p style=\"text-align: center;\"><a href=\"https:\/\/www.futboltotal.com.mx\/futbol-mexicano\/liga-mx\/david-faitelson-habla-cuauhtemoc-15-anos-despues-del-golpe\/2018\/03\">VER M\u00c1S: Faitelson habla de Cuauht\u00e9moc 15 a\u00f1os despu\u00e9s del golpe<\/a><\/p>\n<p>Sabiendo que el t\u00edtulo de la Premier League est\u00e1 totalmente ganado por el <strong>Manchester City<\/strong> de <strong>Josep Guardiola<\/strong>, el cuadro de Andfield ya est\u00e1 pensando en la temporada que viene, donde desean que el croata sea el enlace de su tridente de miedo;<strong> Sadio Man\u00e9, Roberto Firmino<\/strong> y<strong> Mohamed Salah<\/strong>, adem\u00e1s que desean que sea el hombre importante de la medular.<\/p>\n<p>De acuerdo a\u00a0talkSPORT el estratega alem\u00e1n ha pedido que sea el croata el ideal para hacer mancuerna con <strong>James Milner,\u00a0<\/strong>de entrada habr\u00edan ofrecido por el jugador cerca de\u00a0<strong>50 millones de d\u00f3lares<\/strong>, pero ser\u00eda a cambio de <strong>80 millones<\/strong> lo que pide el cuadro cul\u00e9, algo que Klopp ha insistido en pagar, pues quiere toda la carne al asador para llevarse al futbolista y que paguen la cl\u00e1usula que tiene, pues el v\u00ednculo con los catalanes es hasta 2021.<\/p>\n<div style=\"width: 1210px\" class=\"wp-caption aligncenter\"><img decoding=\"async\" loading=\"lazy\" src=\"http:\/\/as01.epimg.net\/futbol\/imagenes\/2018\/01\/22\/primera\/1516622537_205865_1516622672_noticia_normal.jpg\" alt=\"Liverpool ofertar\u00eda 80 millones por jugador del FC Barcelona 0\" \/><p class=\"wp-caption-text\">Iv\u00e1n Rakitic, jugador del FC Barcelona<\/p><\/div>\n<p style=\"text-align: center;\"><a href=\"https:\/\/www.futboltotal.com.mx\/futbol-internacional\/liga-de-espana\/neymar-se-habria-ofrecido-para-regresar-al-fc-barcelona\/2018\/03\">VER M\u00c1S. Neymar se habr\u00eda ofrecido para regresar al FC Barcelona<\/a><\/p>\n<p>&nbsp;<\/p>\n","protected":false},"excerpt":{"rendered":"<p>El cuadro ingl\u00e9s desea al futbolista del medio campo para armar un equipo m\u00e1s fuerte <\/p>\n","protected":false},"author":159,"featured_media":520194,"comment_status":"closed","ping_status":"closed","sticky":false,"template":"","format":"standard","meta":[],"categories":[3839,3846],"tags":[1083,5132,6114,5989,334],"_links":{"self":[{"href":"http:\/\/desarrollo.grupomedios.com\/futbol\/wp-json\/wp\/v2\/posts\/520193"}],"collection":[{"href":"http:\/\/desarrollo.grupomedios.com\/futbol\/wp-json\/wp\/v2\/posts"}],"about":[{"href":"http:\/\/desarrollo.grupomedios.com\/futbol\/wp-json\/wp\/v2\/types\/post"}],"author":[{"embeddable":true,"href":"http:\/\/desarrollo.grupomedios.com\/futbol\/wp-json\/wp\/v2\/users\/159"}],"replies":[{"embeddable":true,"href":"http:\/\/desarrollo.grupomedios.com\/futbol\/wp-json\/wp\/v2\/comments?post=520193"}],"version-history":[{"count":1,"href":"http:\/\/desarrollo.grupomedios.com\/futbol\/wp-json\/wp\/v2\/posts\/520193\/revisions"}],"predecessor-version":[{"id":520195,"href":"http:\/\/desarrollo.grupomedios.com\/futbol\/wp-json\/wp\/v2\/posts\/520193\/revisions\/520195"}],"wp:featuredmedia":[{"embeddable":true,"href":"http:\/\/desarrollo.grupomedios.com\/futbol\/wp-json\/wp\/v2\/media\/520194"}],"wp:attachment":[{"href":"http:\/\/desarrollo.grupomedios.com\/futbol\/wp-json\/wp\/v2\/media?parent=520193"}],"wp:term":[{"taxonomy":"category","embeddable":true,"href":"http:\/\/desarrollo.grupomedios.com\/futbol\/wp-json\/wp\/v2\/categories?post=520193"},{"taxonomy":"post_tag","embeddable":true,"href":"http:\/\/desarrollo.grupomedios.com\/futbol\/wp-json\/wp\/v2\/tags?post=520193"}],"curies":[{"name":"wp","href":"https:\/\/api.w.org\/{rel}","templated":true}]}}