{"id":520196,"date":"2018-03-09T14:31:14","date_gmt":"2018-03-09T20:31:14","guid":{"rendered":"https:\/\/www.futboltotal.com.mx\/?p=520196"},"modified":"2018-03-09T16:50:17","modified_gmt":"2018-03-09T22:50:17","slug":"atlas-expulsa-futbolista-echar-una-cascarita","status":"publish","type":"post","link":"http:\/\/desarrollo.grupomedios.com\/futbol\/destacado-home\/atlas-expulsa-futbolista-echar-una-cascarita\/2018\/03","title":{"rendered":"Atlas expulsa futbolista por echar una &#8216;cascarita&#8217;"},"content":{"rendered":"<p>Luego que se filtraran im\u00e1genes del futbolista peruano,<strong> Alexi G\u00f3mez<\/strong> en donde se le muestra participando en un partido de Fut 7 en Guadalajara, previo al duelo de los <strong>Rojinegros del Atlas<\/strong> ante Puebla, por lo que el cuadro tapat\u00edo habr\u00eda decidido separarle del club.<\/p>\n<div id=\"attachment_520197\" style=\"width: 1210px\" class=\"wp-caption aligncenter\"><img aria-describedby=\"caption-attachment-520197\" decoding=\"async\" loading=\"lazy\" class=\"size-full wp-image-520197\" src=\"https:\/\/www.futboltotal.com.mx\/wp-content\/uploads\/2018\/03\/alexi-gomez-cascarita.jpg\" alt=\"Atlas expulsa futbolista por echar una &#8216;cascarita&#8217; 0\" srcset=\"http:\/\/desarrollo.grupomedios.com\/futbol\/wp-content\/uploads\/2018\/03\/alexi-gomez-cascarita.jpg 1200w, http:\/\/desarrollo.grupomedios.com\/futbol\/wp-content\/uploads\/2018\/03\/alexi-gomez-cascarita-300x204.jpg 300w, http:\/\/desarrollo.grupomedios.com\/futbol\/wp-content\/uploads\/2018\/03\/alexi-gomez-cascarita-768x522.jpg 768w, http:\/\/desarrollo.grupomedios.com\/futbol\/wp-content\/uploads\/2018\/03\/alexi-gomez-cascarita-1024x696.jpg 1024w\" sizes=\"(max-width: 1200px) 100vw, 1200px\" \/><p id=\"caption-attachment-520197\" class=\"wp-caption-text\">Alexi G\u00f3mez fue captado jugando una &#8216;cascarita&#8217;<\/p><\/div>\n<p style=\"text-align: center;\"><a href=\"https:\/\/www.futboltotal.com.mx\/futbol-mexicano\/liga-mx\/ex-cruz-azul-probara-suerte-en-polonia\/2018\/03\">VER M\u00c1S: Ex de Cruz Azul probar\u00e1 suerte en Polonia<\/a><\/p>\n<p>De acuerdo a informaci\u00f3n de ESPN, el estratega del equipo Rojinegro\u00a0<strong>Rub\u00e9n Omar Romano<\/strong> ha tomado la decisi\u00f3n de expulsarlo de la plantilla atlista y esta determinaci\u00f3n de igual forma habr\u00eda sido rectificada por la directiva quien de igual forma desea la marcha del futbolista.<\/p>\n<p>En las im\u00e1genes acerca del incidente se mira al peruano <mark>en una cancha de\u00a0Guadalajara con el jersey del Bayern Munich jugando futbol ante la sorpresa de los aficionados tapat\u00edos<\/mark>, pues un futbolista profesional debe evitar cualquier situaci\u00f3n en la que pueda lesionarse.<\/p>\n<p>G\u00f3mez no hab\u00eda sido tomado en cuenta por el estratega, aunque en la Liga MX hab\u00eda jugado<mark> 7 partidos y 5 como titular<\/mark>, pero la relaci\u00f3n entre jugador y DT parece no haber tenido qu\u00edmica y ahora el peruano tendr\u00eda que regresar con Universitario de Deportes de su pa\u00eds de donde fue cedido.<\/p>\n<p>Algunos otros medios y comunicadores ya est\u00e1n dando por un hecho que ha sido separado de la concentraci\u00f3n para el partido de este viernes ante la Franja de Puebla, para posteriormente informar que ser\u00e1 destituido de la instituci\u00f3n Rojinegra.<\/p>\n<blockquote class=\"twitter-tweet\" data-width=\"500\">\n<p lang=\"es\" dir=\"ltr\">Alexi G\u00f3mez fue apartado de la concentraci\u00f3n de Atlas tras haber sido captado anoche jugando en una Unidad Deportiva en Guadalajara <a href=\"https:\/\/twitter.com\/laaficion?ref_src=twsrc%5Etfw\">@laaficion<\/a><\/p>\n<p>&mdash; Alberto \u00c1valos (@Betto_Avalos) <a href=\"https:\/\/twitter.com\/Betto_Avalos\/status\/972205024389619713?ref_src=twsrc%5Etfw\">March 9, 2018<\/a><\/p><\/blockquote>\n<p><script async src=\"https:\/\/platform.twitter.com\/widgets.js\" charset=\"utf-8\"><\/script><\/p>\n<p style=\"text-align: center;\"><a href=\"https:\/\/www.futboltotal.com.mx\/futbol-mexicano\/liga-mx\/los-jugadores-mls-envidia-la-liga-mx\/2018\/03\">VER M\u00c1S. Los jugadores de MLS que envidia la Liga MX<\/a><\/p>\n","protected":false},"excerpt":{"rendered":"<p>El peruano tom\u00f3 una mala decisi\u00f3n y ahora ser\u00e1 separado del equipo Rojinegro<\/p>\n","protected":false},"author":159,"featured_media":514272,"comment_status":"closed","ping_status":"closed","sticky":false,"template":"","format":"standard","meta":[],"categories":[5,2198,3845],"tags":[11363,5961,9028,64],"_links":{"self":[{"href":"http:\/\/desarrollo.grupomedios.com\/futbol\/wp-json\/wp\/v2\/posts\/520196"}],"collection":[{"href":"http:\/\/desarrollo.grupomedios.com\/futbol\/wp-json\/wp\/v2\/posts"}],"about":[{"href":"http:\/\/desarrollo.grupomedios.com\/futbol\/wp-json\/wp\/v2\/types\/post"}],"author":[{"embeddable":true,"href":"http:\/\/desarrollo.grupomedios.com\/futbol\/wp-json\/wp\/v2\/users\/159"}],"replies":[{"embeddable":true,"href":"http:\/\/desarrollo.grupomedios.com\/futbol\/wp-json\/wp\/v2\/comments?post=520196"}],"version-history":[{"count":1,"href":"http:\/\/desarrollo.grupomedios.com\/futbol\/wp-json\/wp\/v2\/posts\/520196\/revisions"}],"predecessor-version":[{"id":520198,"href":"http:\/\/desarrollo.grupomedios.com\/futbol\/wp-json\/wp\/v2\/posts\/520196\/revisions\/520198"}],"wp:featuredmedia":[{"embeddable":true,"href":"http:\/\/desarrollo.grupomedios.com\/futbol\/wp-json\/wp\/v2\/media\/514272"}],"wp:attachment":[{"href":"http:\/\/desarrollo.grupomedios.com\/futbol\/wp-json\/wp\/v2\/media?parent=520196"}],"wp:term":[{"taxonomy":"category","embeddable":true,"href":"http:\/\/desarrollo.grupomedios.com\/futbol\/wp-json\/wp\/v2\/categories?post=520196"},{"taxonomy":"post_tag","embeddable":true,"href":"http:\/\/desarrollo.grupomedios.com\/futbol\/wp-json\/wp\/v2\/tags?post=520196"}],"curies":[{"name":"wp","href":"https:\/\/api.w.org\/{rel}","templated":true}]}}