{"id":520200,"date":"2018-03-09T14:54:17","date_gmt":"2018-03-09T20:54:17","guid":{"rendered":"https:\/\/www.futboltotal.com.mx\/?p=520200"},"modified":"2018-03-09T14:54:17","modified_gmt":"2018-03-09T20:54:17","slug":"america-cuadro-lujo-enfrentar-al-leon","status":"publish","type":"post","link":"http:\/\/desarrollo.grupomedios.com\/futbol\/destacado-home\/america-cuadro-lujo-enfrentar-al-leon\/2018\/03","title":{"rendered":"Am\u00e9rica, con &#8216;cuadro de lujo&#8217; para enfrentar al Le\u00f3n"},"content":{"rendered":"<p>El entrenador de las \u00c1guilas del Am\u00e9rica, <strong>Miguel Herrera<\/strong>, asegur\u00f3 hoy que su equipo juega bien y pasa por un buen momento en el torneo <strong>Clausura 2018<\/strong> del f\u00fatbol mexicano, pero que necesita reflejarlo con victorias.<\/p>\n<p>&#8220;Nuestro estado de \u00e1nimo est\u00e1 a tope, pero estamos conscientes de la necesidad de reflejarlo en el marcador y ganar, lo que buscaremos hacer ma\u00f1ana contra<strong> Le\u00f3n<\/strong>&#8220;, dijo el estratega en una conferencia de prensa.<\/p>\n<p>Con 4 triunfos, 6 empates y 18 unidades, <strong>Am\u00e9rica<\/strong> ocupa el segundo lugar de la clasificaci\u00f3n del Clausura y este s\u00e1bado defender\u00e1 su invicto en su estadio contra Le\u00f3n, und\u00e9cimo de la tabla, en la jornada 11 del campeonato.<\/p>\n<p style=\"text-align: center;\"><span style=\"color: #333399;\"><a href=\"https:\/\/www.futboltotal.com.mx\/futbol-mexicano\/atlas-expulsa-futbolista-echar-una-cascarita\/2018\/03\">VER M\u00c1S:\u00a0<span class=\"item-title\">Atlas expulsa futbolista por echar una \u2018cascarita\u2019<\/span><\/a><\/span><\/p>\n<p><mark>&#8220;Me preparo para enfrentar la mejor versi\u00f3n del Le\u00f3n, pero sobre todo para nosotros hacer las cosas lo mejor posible; vamos contra un equipo que viene de menos a m\u00e1s y trata de cerrar bien para clasificarse&#8221;<\/mark>, observ\u00f3.<\/p>\n<p>Am\u00e9rica concluy\u00f3 este viernes su preparaci\u00f3n para enfrentar al Le\u00f3n en un duelo que, de ganar, puede llevarlo de nuevo al liderato si el <strong>Santos Laguna<\/strong> pierde el domingo ante el Monterrey.<\/p>\n<p>Seg\u00fan el entrenador, <strong>ni saltar al primer esca\u00f1o de la tabla ni mantener el invicto son sus prioridades<\/strong> porque ambas dependen del desempe\u00f1o en los partidos y es en eso en lo que se concentra.<\/p>\n<p style=\"text-align: center;\"><span style=\"color: #333399;\"><a href=\"https:\/\/www.futboltotal.com.mx\/destacado-home\/pachuca-extranara-estadio-azul-cruz-azul\/2018\/03\">VER M\u00c1S:\u00a0<span class=\"item-title\">Pachuca extra\u00f1ar\u00e1 m\u00e1s el Estadio Azul que Cruz Azul<\/span><\/a><\/span><\/p>\n<p>&#8220;Ahora veo un equipo s\u00f3lido que no para de querer ganar. <strong>Si ganas o pierdes es consecuencia de lo que haces en la cancha<\/strong>&#8220;, indic\u00f3 Herrera, seleccionador mexicano en la Copa Mundial de Brasil 2014.<\/p>\n<p>Despu\u00e9s de recibir al Le\u00f3n, las \u00c1guilas del Am\u00e9rica tendr\u00e1n en el torneo de liga dos partidos consecutivos en casa, el 17 de marzo ante <strong>Toluca<\/strong> y el 31 contra Cruz Azul, lo cual el t\u00e9cnico interpret\u00f3 como una buena oportunidad para asegurar el pase a la liguilla de los ocho mejores.<\/p>\n<p><mark>&#8220;Tenemos que ganar todos los partidos como locales, vienen tres seguidos y buscaremos los nueve puntos para dar el salto a la clasificaci\u00f3n&#8221;<\/mark>, se\u00f1al\u00f3.<\/p>\n<p>Herrera anunci\u00f3 que ante Le\u00f3n, Am\u00e9rica jugar\u00e1 con <strong>Agust\u00edn Marches\u00edn; Paul Aguilar, \u00c9dson \u00c1lvarez, Bruno Valdez, Carlos Vargas; William Da Silva, Guido Rodr\u00edguez, Mateus Uribe, J\u00e9r\u00e9my M\u00e9nez; Cecilio Dom\u00ednguez y Oribe Peralta<\/strong>.<\/p>\n<p>&#8220;Vamos por los tres puntos&#8221;, insisti\u00f3.<\/p>\n<p><em>INFORMACI\u00d3N: EFE<\/em><\/p>\n","protected":false},"excerpt":{"rendered":"<p>Oribe, M\u00e9nez y Cecilio estar\u00e1n al frente de las \u00c1guilas<\/p>\n","protected":false},"author":160,"featured_media":520201,"comment_status":"closed","ping_status":"closed","sticky":false,"template":"","format":"standard","meta":[],"categories":[5,2198,3845],"tags":[5959,9028,3249,5965],"_links":{"self":[{"href":"http:\/\/desarrollo.grupomedios.com\/futbol\/wp-json\/wp\/v2\/posts\/520200"}],"collection":[{"href":"http:\/\/desarrollo.grupomedios.com\/futbol\/wp-json\/wp\/v2\/posts"}],"about":[{"href":"http:\/\/desarrollo.grupomedios.com\/futbol\/wp-json\/wp\/v2\/types\/post"}],"author":[{"embeddable":true,"href":"http:\/\/desarrollo.grupomedios.com\/futbol\/wp-json\/wp\/v2\/users\/160"}],"replies":[{"embeddable":true,"href":"http:\/\/desarrollo.grupomedios.com\/futbol\/wp-json\/wp\/v2\/comments?post=520200"}],"version-history":[{"count":1,"href":"http:\/\/desarrollo.grupomedios.com\/futbol\/wp-json\/wp\/v2\/posts\/520200\/revisions"}],"predecessor-version":[{"id":520202,"href":"http:\/\/desarrollo.grupomedios.com\/futbol\/wp-json\/wp\/v2\/posts\/520200\/revisions\/520202"}],"wp:featuredmedia":[{"embeddable":true,"href":"http:\/\/desarrollo.grupomedios.com\/futbol\/wp-json\/wp\/v2\/media\/520201"}],"wp:attachment":[{"href":"http:\/\/desarrollo.grupomedios.com\/futbol\/wp-json\/wp\/v2\/media?parent=520200"}],"wp:term":[{"taxonomy":"category","embeddable":true,"href":"http:\/\/desarrollo.grupomedios.com\/futbol\/wp-json\/wp\/v2\/categories?post=520200"},{"taxonomy":"post_tag","embeddable":true,"href":"http:\/\/desarrollo.grupomedios.com\/futbol\/wp-json\/wp\/v2\/tags?post=520200"}],"curies":[{"name":"wp","href":"https:\/\/api.w.org\/{rel}","templated":true}]}}