{"id":520205,"date":"2018-03-10T12:45:29","date_gmt":"2018-03-10T18:45:29","guid":{"rendered":"https:\/\/www.futboltotal.com.mx\/?p=520205"},"modified":"2018-03-10T15:36:35","modified_gmt":"2018-03-10T21:36:35","slug":"malaga-cf-vs-fc-barcelona-laliga-en-vivo-minuto-a-minuto","status":"publish","type":"post","link":"http:\/\/desarrollo.grupomedios.com\/futbol\/futbol-internacional\/malaga-cf-vs-fc-barcelona-laliga-en-vivo-minuto-a-minuto\/2018\/03","title":{"rendered":"M\u00e1laga CF vs FC Barcelona | LaLiga | EN VIVO: Minuto a minuto"},"content":{"rendered":"<p>El M\u00e1laga recibe al FC Barcelona este 10 de marzo en punto de las 13:45 horas como parte de la Jornada 28 en LaLiga, los catalanes pueden dar un paso decisivo para conseguir el t\u00edtulo de la temporada \u00a1No te pierdas las acciones en Futbol Total!<\/p>\n<div><iframe src=\"https:\/\/en-vivo.futboltotal.com.mx\/embed.php\/?id=649\" width=\"100%\" id=\"frame_minuto\"><\/iframe><\/div>\n<p>El cuadro del M\u00e1laga viene de una dolorosa derrota ante el Legan\u00e9s y a\u00fan m\u00e1s preocupante no ganan un partido desde hace 12 juegos, algo que se vislumbra complicado en esta ocasi\u00f3n teniendo de rival al l\u00edder de la competencia.<\/p>\n<p>Por su parte el FC Barcelona viene de vencer al At\u00e9tico de Madrid por la m\u00ednima y se mantiene c\u00f3modamente en la cima de la competencia; podr\u00eda ser que Ernesto Valverde se reserve a algunos futbolistas pensando en el duelo de Champions League.<\/p>\n<p>https:\/\/twitter.com\/FCBarcelona\/status\/972183633317462017<\/p>\n","protected":false},"excerpt":{"rendered":"<p>El cuadro blaugrana est\u00e1 muy cerca de dar un paso definitivo al t\u00edtulo<\/p>\n","protected":false},"author":159,"featured_media":520211,"comment_status":"closed","ping_status":"closed","sticky":false,"template":"","format":"standard","meta":[],"categories":[3839,3844],"tags":[253,1083,6114,6012,306],"_links":{"self":[{"href":"http:\/\/desarrollo.grupomedios.com\/futbol\/wp-json\/wp\/v2\/posts\/520205"}],"collection":[{"href":"http:\/\/desarrollo.grupomedios.com\/futbol\/wp-json\/wp\/v2\/posts"}],"about":[{"href":"http:\/\/desarrollo.grupomedios.com\/futbol\/wp-json\/wp\/v2\/types\/post"}],"author":[{"embeddable":true,"href":"http:\/\/desarrollo.grupomedios.com\/futbol\/wp-json\/wp\/v2\/users\/159"}],"replies":[{"embeddable":true,"href":"http:\/\/desarrollo.grupomedios.com\/futbol\/wp-json\/wp\/v2\/comments?post=520205"}],"version-history":[{"count":1,"href":"http:\/\/desarrollo.grupomedios.com\/futbol\/wp-json\/wp\/v2\/posts\/520205\/revisions"}],"predecessor-version":[{"id":520212,"href":"http:\/\/desarrollo.grupomedios.com\/futbol\/wp-json\/wp\/v2\/posts\/520205\/revisions\/520212"}],"wp:featuredmedia":[{"embeddable":true,"href":"http:\/\/desarrollo.grupomedios.com\/futbol\/wp-json\/wp\/v2\/media\/520211"}],"wp:attachment":[{"href":"http:\/\/desarrollo.grupomedios.com\/futbol\/wp-json\/wp\/v2\/media?parent=520205"}],"wp:term":[{"taxonomy":"category","embeddable":true,"href":"http:\/\/desarrollo.grupomedios.com\/futbol\/wp-json\/wp\/v2\/categories?post=520205"},{"taxonomy":"post_tag","embeddable":true,"href":"http:\/\/desarrollo.grupomedios.com\/futbol\/wp-json\/wp\/v2\/tags?post=520205"}],"curies":[{"name":"wp","href":"https:\/\/api.w.org\/{rel}","templated":true}]}}