{"id":520217,"date":"2018-03-10T17:00:15","date_gmt":"2018-03-10T23:00:15","guid":{"rendered":"https:\/\/www.futboltotal.com.mx\/?p=520217"},"modified":"2018-03-11T19:55:22","modified_gmt":"2018-03-12T01:55:22","slug":"santos-laguna-vs-monterrey-clausura-2018-en-vivo-minuto-a-minuto","status":"publish","type":"post","link":"http:\/\/desarrollo.grupomedios.com\/futbol\/futbol-mexicano\/santos-laguna-vs-monterrey-clausura-2018-en-vivo-minuto-a-minuto\/2018\/03","title":{"rendered":"Santos Laguna vs Monterrey | Clausura 2018 | EN VIVO: Minuto a minuto"},"content":{"rendered":"<p>Santos Laguna recibe a los Rayados de Monterrey este 11 de marzo en punto de las 18:00 horas con motivo de la Jornada 11 del Clausura 2018 en la Liga MX y aqu\u00ed en Futbol Total, donde los Guerreros buscar\u00e1n seguir con su buen paso.<\/p>\n<div><iframe src=\"https:\/\/en-vivo.futboltotal.com.mx\/embed.php\/?id=651\" width=\"100%\" id=\"frame_minuto\"><\/iframe><\/div>\n<p>&nbsp;<\/p>\n<p>El cuadro Lagunero viene de vencer al Tampico Madero en la Copa MX y hacer lo propio ante los Rayos del Necaxa en la liga, con esto suman 20 puntos y son el l\u00edder general de la competencia, adem\u00e1s tienen al goleador del torneo en\u00a0Djaniny Tavares con 12 anotaciones.<\/p>\n<p>Por su parte, Rayados viene de una dolorosa derrota ante Gallos de Quer\u00e9taro que los elimin\u00f3 en la Copa MX, mientras que en la liga tambi\u00e9n sufrieron un descalabro ante la Franja de Puebla, sin embargo todav\u00eda son octavo de la tabla y pelean por puestos de liguilla.<\/p>\n","protected":false},"excerpt":{"rendered":"<p>El cuadro de Rayados viene de dos duros descalabros en liga y copa<\/p>\n","protected":false},"author":159,"featured_media":520218,"comment_status":"closed","ping_status":"closed","sticky":false,"template":"","format":"standard","meta":[],"categories":[2198,3845],"tags":[9028,64,5966,497,174],"_links":{"self":[{"href":"http:\/\/desarrollo.grupomedios.com\/futbol\/wp-json\/wp\/v2\/posts\/520217"}],"collection":[{"href":"http:\/\/desarrollo.grupomedios.com\/futbol\/wp-json\/wp\/v2\/posts"}],"about":[{"href":"http:\/\/desarrollo.grupomedios.com\/futbol\/wp-json\/wp\/v2\/types\/post"}],"author":[{"embeddable":true,"href":"http:\/\/desarrollo.grupomedios.com\/futbol\/wp-json\/wp\/v2\/users\/159"}],"replies":[{"embeddable":true,"href":"http:\/\/desarrollo.grupomedios.com\/futbol\/wp-json\/wp\/v2\/comments?post=520217"}],"version-history":[{"count":1,"href":"http:\/\/desarrollo.grupomedios.com\/futbol\/wp-json\/wp\/v2\/posts\/520217\/revisions"}],"predecessor-version":[{"id":520219,"href":"http:\/\/desarrollo.grupomedios.com\/futbol\/wp-json\/wp\/v2\/posts\/520217\/revisions\/520219"}],"wp:featuredmedia":[{"embeddable":true,"href":"http:\/\/desarrollo.grupomedios.com\/futbol\/wp-json\/wp\/v2\/media\/520218"}],"wp:attachment":[{"href":"http:\/\/desarrollo.grupomedios.com\/futbol\/wp-json\/wp\/v2\/media?parent=520217"}],"wp:term":[{"taxonomy":"category","embeddable":true,"href":"http:\/\/desarrollo.grupomedios.com\/futbol\/wp-json\/wp\/v2\/categories?post=520217"},{"taxonomy":"post_tag","embeddable":true,"href":"http:\/\/desarrollo.grupomedios.com\/futbol\/wp-json\/wp\/v2\/tags?post=520217"}],"curies":[{"name":"wp","href":"https:\/\/api.w.org\/{rel}","templated":true}]}}