{"id":520278,"date":"2018-03-10T12:56:46","date_gmt":"2018-03-10T18:56:46","guid":{"rendered":"https:\/\/www.futboltotal.com.mx\/?p=520278"},"modified":"2018-03-10T12:57:41","modified_gmt":"2018-03-10T18:57:41","slug":"dani-alves-convence-a-crack-fichar-psg","status":"publish","type":"post","link":"http:\/\/desarrollo.grupomedios.com\/futbol\/futbol-internacional\/dani-alves-convence-a-crack-fichar-psg\/2018\/03","title":{"rendered":"Dani Alves convence a un crack para fichar por el PSG"},"content":{"rendered":"<p>El cuadro del <strong>Paris Saint-Germain<\/strong> no quiere dejar de sorprender dentro del mercado de fichajes, pues ahora uno de sus futbolistas brasile\u00f1os, <strong>Dani Alves<\/strong> estar\u00eda buscando reclutar a una estrella del balompie en al actualidad para sumarse a la plantilla del cuadro franc\u00e9s.<\/p>\n<p>De acuerdo al diario Tuttosport en Italia, el lateral del PSG <mark>ha estado hablando con el delantero de la Juventus de Tur\u00edn, Paulo Dybala para convencerle que fiche para el equipo franc\u00e9s, sobre todo luego que se enter\u00f3 que las relaciones con la directiva italiana no marchan del todo bien<\/mark> por el momento y querr\u00eda aprovechar eso para reclutarlo.<\/p>\n<blockquote class=\"twitter-tweet\" data-width=\"500\">\n<p lang=\"it\" dir=\"ltr\">La prima pagina di oggi:<br \/>&#8211; Il <a href=\"https:\/\/twitter.com\/hashtag\/Toro?src=hash&amp;ref_src=twsrc%5Etfw\">#Toro<\/a> sa solo perdere<br \/>&#8211; <a href=\"https:\/\/twitter.com\/hashtag\/Juve?src=hash&amp;ref_src=twsrc%5Etfw\">#Juve<\/a>, \u00e8 sempre Danni <a href=\"https:\/\/twitter.com\/hashtag\/Alves?src=hash&amp;ref_src=twsrc%5Etfw\">#Alves<\/a><br \/>&#8211; Intrigo <a href=\"https:\/\/twitter.com\/hashtag\/Neymar?src=hash&amp;ref_src=twsrc%5Etfw\">#Neymar<\/a>, lui si propone il <a href=\"https:\/\/twitter.com\/hashtag\/Bar%C3%A7a?src=hash&amp;ref_src=twsrc%5Etfw\">#Bar\u00e7a<\/a> dice no <a href=\"https:\/\/t.co\/y5MciJCLyq\">pic.twitter.com\/y5MciJCLyq<\/a><\/p>\n<p>&mdash; Tuttosport (@tuttosport) <a href=\"https:\/\/twitter.com\/tuttosport\/status\/972389112593428480?ref_src=twsrc%5Etfw\">March 10, 2018<\/a><\/p><\/blockquote>\n<p><script async src=\"https:\/\/platform.twitter.com\/widgets.js\" charset=\"utf-8\"><\/script><\/p>\n<p style=\"text-align: center;\"><a href=\"https:\/\/www.futboltotal.com.mx\/futbol-internacional\/liga-de-inglaterra\/aficionados-west-ham-furiosos-se-meten-a-la-cancha\/2018\/03\">VER M\u00c1S: Aficionados de West Ham, furiosos se meten a la cancha<\/a><\/p>\n<p>La publicaci\u00f3n indica que ambos futbolistas tienen una fuerte amistad, incluso con el hermando del jugador, <strong>Gustavo Dybala<\/strong> quien en la actualidad resulta ser su representante, adem\u00e1s que le ha insinuado que desea jugar a lado de &#8216;La Joya&#8217; una vez m\u00e1s y esto ha aumentado los rumores sobre un posible arribo al conjunto de la capital francesa.<\/p>\n<div style=\"width: 1210px\" class=\"wp-caption aligncenter\"><img decoding=\"async\" loading=\"lazy\" src=\"https:\/\/media.minutouno.com\/adjuntos\/150\/imagenes\/028\/369\/0028369875.jpg\" alt=\"Resultado de imagen para dybala dani alves\" \/><p class=\"wp-caption-text\">Dani Alves y Paulo Dybala festejan un gol con la Juventus<\/p><\/div>\n<p>Ya en 2016 el brasile\u00f1o hab\u00eda dado declaraciones al respecto del argentino y una posible salida del club;\u00a0<mark>&#8220;Paulo Dybala debe abandonar la Juventus, no s\u00e9 cu\u00e1ndo, para mejorar. pero tendr\u00e1 que desafiarse a s\u00ed mismo para obtener mejores resultados&#8221;<\/mark>, parece ser que desea que este nuevo reto para el argentino se consume para los de la Ligue 1, sobre todo ahora que se avecinar\u00edan cambios importantes en la plantilla.<\/p>\n<p>Hace poco, un emblema de la Juventus, <strong>Pavel Nedved<\/strong> indic\u00f3 que\u00a0<mark>\u201cpuede ser normal tener altibajos a su edad, pero sabe que el club est\u00e1 con \u00e9l\u201d<\/mark>, sobre Dybala y su periodo en el banquillo del equipo, por lo que se marcaba un distanciamiento del club y el jugador, pero parece que el argentino ahora est\u00e1 comprometido con el club, habr\u00e1 que ver si decide quedarse o marcharse, pues otros pretendientes que lo desean son el <strong>Real Madrid<\/strong> y el <strong>Manchester United.<\/strong><\/p>\n<div style=\"width: 955px\" class=\"wp-caption aligncenter\"><img decoding=\"async\" loading=\"lazy\" src=\"https:\/\/d1bi2srgse3uhl.cloudfront.net\/uploads\/2018\/03\/image5aa16519ec9ae.jpg\" alt=\"Imagen relacionada\" \/><p class=\"wp-caption-text\">Paulo Dybala festeja el gol ante el Tottenham Hotspur<\/p><\/div>\n<p style=\"text-align: center;\"><a href=\"https:\/\/www.futboltotal.com.mx\/futbol-mexicano\/seleccion-mexicana\/juan-carlos-osorio-dejara-al-tri-otra-seleccion\/2018\/03\">VER M\u00c1S: Juan Carlos Osorio dejar\u00e1 al Tri por otra selecci\u00f3n<\/a><\/p>\n<p>&nbsp;<\/p>\n","protected":false},"excerpt":{"rendered":"<p>El brasile\u00f1o har\u00e1 todo lo posible por reclutar a esta estrella del futbol italiano<\/p>\n","protected":false},"author":159,"featured_media":490989,"comment_status":"closed","ping_status":"closed","sticky":false,"template":"","format":"standard","meta":[],"categories":[3839,9609],"tags":[5983,5999,408,1376,6669],"_links":{"self":[{"href":"http:\/\/desarrollo.grupomedios.com\/futbol\/wp-json\/wp\/v2\/posts\/520278"}],"collection":[{"href":"http:\/\/desarrollo.grupomedios.com\/futbol\/wp-json\/wp\/v2\/posts"}],"about":[{"href":"http:\/\/desarrollo.grupomedios.com\/futbol\/wp-json\/wp\/v2\/types\/post"}],"author":[{"embeddable":true,"href":"http:\/\/desarrollo.grupomedios.com\/futbol\/wp-json\/wp\/v2\/users\/159"}],"replies":[{"embeddable":true,"href":"http:\/\/desarrollo.grupomedios.com\/futbol\/wp-json\/wp\/v2\/comments?post=520278"}],"version-history":[{"count":2,"href":"http:\/\/desarrollo.grupomedios.com\/futbol\/wp-json\/wp\/v2\/posts\/520278\/revisions"}],"predecessor-version":[{"id":520280,"href":"http:\/\/desarrollo.grupomedios.com\/futbol\/wp-json\/wp\/v2\/posts\/520278\/revisions\/520280"}],"wp:featuredmedia":[{"embeddable":true,"href":"http:\/\/desarrollo.grupomedios.com\/futbol\/wp-json\/wp\/v2\/media\/490989"}],"wp:attachment":[{"href":"http:\/\/desarrollo.grupomedios.com\/futbol\/wp-json\/wp\/v2\/media?parent=520278"}],"wp:term":[{"taxonomy":"category","embeddable":true,"href":"http:\/\/desarrollo.grupomedios.com\/futbol\/wp-json\/wp\/v2\/categories?post=520278"},{"taxonomy":"post_tag","embeddable":true,"href":"http:\/\/desarrollo.grupomedios.com\/futbol\/wp-json\/wp\/v2\/tags?post=520278"}],"curies":[{"name":"wp","href":"https:\/\/api.w.org\/{rel}","templated":true}]}}