{"id":520281,"date":"2018-03-10T14:25:47","date_gmt":"2018-03-10T20:25:47","guid":{"rendered":"https:\/\/www.futboltotal.com.mx\/?p=520281"},"modified":"2018-03-10T14:25:47","modified_gmt":"2018-03-10T20:25:47","slug":"antoine-griezmann-ya-busca-casa-en-barcelona","status":"publish","type":"post","link":"http:\/\/desarrollo.grupomedios.com\/futbol\/futbol-internacional\/antoine-griezmann-ya-busca-casa-en-barcelona\/2018\/03","title":{"rendered":"Antoine Griezmann ya busca casa en Barcelona"},"content":{"rendered":"<p>Los rumores entre el futbolista franc\u00e9s,<strong> Antoine Griezmann y el FC Barcelona<\/strong> est\u00e1n ardiendo al m\u00e1ximo y las \u00faltimas informaciones indican que el delantero del<strong> Atl\u00e9tico de Madrid<\/strong> tiene las maletas hechas para marcharse con Lionel Messi y compa\u00f1\u00eda en el verano una vez que termine l<strong>a Copa del Mundo de Rusia 2018<\/strong>, de acuerdo con informaci\u00f3n de varios medios.<\/p>\n<p>Seg\u00fan informa\u00a0Catalunya R\u00e0dio la esposa del atacante franc\u00e9s,\u00a0<strong>Erika Choponera,\u00a0<\/strong>aprovech\u00f3 el viaje del Atleti a Barcelona para disputar el partido de LaLiga para visitar\u00a0una agencia immobiliaria para buscar casa en la Ciudad Condal y sus alrededores. Con esto dar\u00eda un nuevo gui\u00f1o a su partida este verano, pues ya est\u00e1 gestionando asuntos de primera necesidad.<\/p>\n<p style=\"text-align: center;\"><a href=\"https:\/\/www.futboltotal.com.mx\/futbol-internacional\/liga-de-francia-futbol-internacional\/dani-alves-convence-a-crack-fichar-psg\/2018\/03\">VER M\u00c1S: Dani Alves convence a un crack para fichar por el PSG<\/a><\/p>\n<div style=\"width: 1210px\" class=\"wp-caption aligncenter\"><img decoding=\"async\" loading=\"lazy\" src=\"https:\/\/cdn.vox-cdn.com\/thumbor\/tLUmPip7yLbzsTGL4tHEhzSDm3k=\/0x0:4500x3000\/1200x800\/filters:focal(1839x270:2559x990)\/cdn.vox-cdn.com\/uploads\/chorus_image\/image\/58975483\/927118416.jpg.1520640930.jpg\" alt=\"Resultado de imagen para griezmann barcelona\" \/><p class=\"wp-caption-text\">Anotine Griezmann contra el Barcelona<\/p><\/div>\n<p>De acuerdo con la misma fuente,\u00a0Choponera estuvo primero cerca de la playa, en\u00a0<strong>Castelldefels,<\/strong>\u00a0una localidad que se encuentra a 20 kil\u00f3metros de donde viven jugadores del Barcelona como\u00a0Leo Messi, Luis Su\u00e1rez o Philippe Coutinho; de igual forma se dio a la tarea de visitar las viviendas en el\u00a0<strong>barrio de Pedralbes,<\/strong>\u00a0dentro del n\u00facleo barcelon\u00e9s, zona donde viv\u00eda Neymar mientras estuvo en Espa\u00f1a y en la actualidad Ousmane Demb\u00e9l\u00e9.<\/p>\n<p>Cabe se\u00f1alar que se ha dicho que ninguna de las dos opciones ha convencido a la esposa de Griezmann, quien busca un lugar parecido al que tiene en\u00a0La Finca, la urbanizaci\u00f3n de Pozuelo de Alarc\u00f3n, con seguridad privada, que es donde viven otras estrellas como <strong>Diego Simeone, Fernando Torres, Cristiano Ronaldo o\u00a0 Karim Benzema.<\/strong><\/p>\n<p style=\"text-align: center;\"><a href=\"https:\/\/www.futboltotal.com.mx\/futbol-mexicano\/seleccion-mexicana\/juan-carlos-osorio-dejara-al-tri-otra-seleccion\/2018\/03\">VER M\u00c1S: Juan Carlos Osorio dejar\u00e1 al Tri por otra selecci\u00f3n<\/a><\/p>\n<p>&nbsp;<\/p>\n","protected":false},"excerpt":{"rendered":"<p>El franc\u00e9s ya est\u00e1 esperando por su fichaje con los cul\u00e9s para el verano <\/p>\n","protected":false},"author":159,"featured_media":520282,"comment_status":"closed","ping_status":"closed","sticky":false,"template":"","format":"standard","meta":[],"categories":[3839,3844],"tags":[12051,6007,1083,6114],"_links":{"self":[{"href":"http:\/\/desarrollo.grupomedios.com\/futbol\/wp-json\/wp\/v2\/posts\/520281"}],"collection":[{"href":"http:\/\/desarrollo.grupomedios.com\/futbol\/wp-json\/wp\/v2\/posts"}],"about":[{"href":"http:\/\/desarrollo.grupomedios.com\/futbol\/wp-json\/wp\/v2\/types\/post"}],"author":[{"embeddable":true,"href":"http:\/\/desarrollo.grupomedios.com\/futbol\/wp-json\/wp\/v2\/users\/159"}],"replies":[{"embeddable":true,"href":"http:\/\/desarrollo.grupomedios.com\/futbol\/wp-json\/wp\/v2\/comments?post=520281"}],"version-history":[{"count":1,"href":"http:\/\/desarrollo.grupomedios.com\/futbol\/wp-json\/wp\/v2\/posts\/520281\/revisions"}],"predecessor-version":[{"id":520283,"href":"http:\/\/desarrollo.grupomedios.com\/futbol\/wp-json\/wp\/v2\/posts\/520281\/revisions\/520283"}],"wp:featuredmedia":[{"embeddable":true,"href":"http:\/\/desarrollo.grupomedios.com\/futbol\/wp-json\/wp\/v2\/media\/520282"}],"wp:attachment":[{"href":"http:\/\/desarrollo.grupomedios.com\/futbol\/wp-json\/wp\/v2\/media?parent=520281"}],"wp:term":[{"taxonomy":"category","embeddable":true,"href":"http:\/\/desarrollo.grupomedios.com\/futbol\/wp-json\/wp\/v2\/categories?post=520281"},{"taxonomy":"post_tag","embeddable":true,"href":"http:\/\/desarrollo.grupomedios.com\/futbol\/wp-json\/wp\/v2\/tags?post=520281"}],"curies":[{"name":"wp","href":"https:\/\/api.w.org\/{rel}","templated":true}]}}