{"id":520315,"date":"2018-03-10T22:58:14","date_gmt":"2018-03-11T04:58:14","guid":{"rendered":"https:\/\/www.futboltotal.com.mx\/?p=520315"},"modified":"2018-03-11T18:04:31","modified_gmt":"2018-03-12T00:04:31","slug":"america-2-leon-0-clausura-2018-final-resumen","status":"publish","type":"post","link":"http:\/\/desarrollo.grupomedios.com\/futbol\/destacado-home\/america-2-leon-0-clausura-2018-final-resumen\/2018\/03","title":{"rendered":"Am\u00e9rica recupera el liderato con victoria sobre el Le\u00f3n"},"content":{"rendered":"<p>Las <strong>\u00c1guilas del Am\u00e9rica<\/strong> aprovecharon las ausencias del <strong>Le\u00f3n<\/strong> y derrotaron por 2-0 a &#8216;La Fiera&#8217;.<\/p>\n<p>El cuadro azulcrema tuvo un inicio complicado en su partido, pero un error del arquero <strong>William Yarbrough<\/strong> a un endeble disparo de <strong>J\u00e9r\u00e9my Menez<\/strong> abri\u00f3 el camino para que Matheus Uribe llegara a la cita con el gol al minuto 27.<\/p>\n<blockquote class=\"twitter-tweet\" data-partner=\"tweetdeck\">\n<p dir=\"ltr\" lang=\"fr\"><a href=\"https:\/\/twitter.com\/hashtag\/NoTeLoPierdas?src=hash&amp;ref_src=twsrc%5Etfw\">#NoTeLoPierdas<\/a><br \/>\nG\u26bd\u26bd\u26bdL de Mateus Uribe<a href=\"https:\/\/twitter.com\/ClubAmerica?ref_src=twsrc%5Etfw\">@ClubAmerica<\/a> 1-0 <a href=\"https:\/\/twitter.com\/clubleonfc?ref_src=twsrc%5Etfw\">@clubleonfc<\/a>\u00a0<a href=\"https:\/\/twitter.com\/hashtag\/Jornada11?src=hash&amp;ref_src=twsrc%5Etfw\">#Jornada11<\/a> <a href=\"https:\/\/twitter.com\/hashtag\/Clausura2018?src=hash&amp;ref_src=twsrc%5Etfw\">#Clausura2018<\/a> <a href=\"https:\/\/twitter.com\/hashtag\/LIGABancomerMX?src=hash&amp;ref_src=twsrc%5Etfw\">#LIGABancomerMX<\/a><br \/>\n\u26bd <a href=\"https:\/\/twitter.com\/hashtag\/SienteTuLiga?src=hash&amp;ref_src=twsrc%5Etfw\">#SienteTuLiga<\/a> \u26bd <a href=\"https:\/\/twitter.com\/hashtag\/AbrazadosPorElFutbol?src=hash&amp;ref_src=twsrc%5Etfw\">#AbrazadosPorElFutbol<\/a> <a href=\"https:\/\/t.co\/XHKphDFrvG\">pic.twitter.com\/XHKphDFrvG<\/a><\/p>\n<p>\u2014 LIGA Bancomer MX (@LIGABancomerMX) <a href=\"https:\/\/twitter.com\/LIGABancomerMX\/status\/972676492282028032?ref_src=twsrc%5Etfw\">March 11, 2018<\/a><\/p><\/blockquote>\n<p><script async src=\"https:\/\/platform.twitter.com\/widgets.js\" charset=\"utf-8\"><\/script><br \/>\nLas \u00c1guilas manejaron con tranquilidad gran parte del partido, pero con lo corto del marcador era un partido abierto, a la posibilidad de un error.<\/p>\n<p>Sin embargo, apareci\u00f3 el artista de esta noche, <strong>Matheus Uribe<\/strong> recibi\u00f3 un esf\u00e9rico de <strong>Paul Aguilar<\/strong> afuera del \u00e1rea y sac\u00f3 un derechazo que fue al \u00e1ngulo y coloc\u00f3 el 2-0 definitivo.<\/p>\n<blockquote class=\"twitter-tweet\" data-partner=\"tweetdeck\">\n<p dir=\"ltr\" lang=\"es\"><a href=\"https:\/\/twitter.com\/hashtag\/NoTeLoPierdas?src=hash&amp;ref_src=twsrc%5Etfw\">#NoTeLoPierdas<\/a><br \/>\nG\u26bd\u26bd\u26bdLAAZO de Mateus Uribe, su segundo del partido.<a href=\"https:\/\/twitter.com\/ClubAmerica?ref_src=twsrc%5Etfw\">@ClubAmerica<\/a> 2-0 <a href=\"https:\/\/twitter.com\/clubleonfc?ref_src=twsrc%5Etfw\">@clubleonfc<\/a>\u00a0<a href=\"https:\/\/twitter.com\/hashtag\/Jornada11?src=hash&amp;ref_src=twsrc%5Etfw\">#Jornada11<\/a> <a href=\"https:\/\/twitter.com\/hashtag\/Clausura2018?src=hash&amp;ref_src=twsrc%5Etfw\">#Clausura2018<\/a> <a href=\"https:\/\/twitter.com\/hashtag\/LIGABancomerMX?src=hash&amp;ref_src=twsrc%5Etfw\">#LIGABancomerMX<\/a><br \/>\n\u26bd <a href=\"https:\/\/twitter.com\/hashtag\/SienteTuLiga?src=hash&amp;ref_src=twsrc%5Etfw\">#SienteTuLiga<\/a> \u26bd <a href=\"https:\/\/twitter.com\/hashtag\/AbrazadosPorElFutbol?src=hash&amp;ref_src=twsrc%5Etfw\">#AbrazadosPorElFutbol<\/a> <a href=\"https:\/\/t.co\/vD81nVuXhO\">pic.twitter.com\/vD81nVuXhO<\/a><\/p>\n<p>\u2014 LIGA Bancomer MX (@LIGABancomerMX) <a href=\"https:\/\/twitter.com\/LIGABancomerMX\/status\/972690826047434754?ref_src=twsrc%5Etfw\">March 11, 2018<\/a><\/p><\/blockquote>\n<p><script async src=\"https:\/\/platform.twitter.com\/widgets.js\" charset=\"utf-8\"><\/script><br \/>\n<mark>Am\u00e9rica logr\u00f3 recuperar el liderato del Clausura 2018 con 21 unidades, a espera de los que haga este domingo Santos Laguna cuando reciba a los Rayados de Monterrey.<\/mark><\/p>\n<p>Las \u00c1guilas mantienen el invicto en lo que va del torneo, pero perdieron por expulsi\u00f3n para el pr\u00f3ximo partido al lateral <strong>Paul Aguilar<\/strong>.<\/p>\n","protected":false},"excerpt":{"rendered":"<p>Las \u00c1guilas del Am\u00e9rica aprovecharon las ausencias del Le\u00f3n y derrotaron por 2-0 a &#8216;La Fiera&#8217;.<\/p>\n","protected":false},"author":160,"featured_media":520316,"comment_status":"closed","ping_status":"closed","sticky":false,"template":"","format":"standard","meta":[],"categories":[5,2198,3845],"tags":[5959,9028,5965],"_links":{"self":[{"href":"http:\/\/desarrollo.grupomedios.com\/futbol\/wp-json\/wp\/v2\/posts\/520315"}],"collection":[{"href":"http:\/\/desarrollo.grupomedios.com\/futbol\/wp-json\/wp\/v2\/posts"}],"about":[{"href":"http:\/\/desarrollo.grupomedios.com\/futbol\/wp-json\/wp\/v2\/types\/post"}],"author":[{"embeddable":true,"href":"http:\/\/desarrollo.grupomedios.com\/futbol\/wp-json\/wp\/v2\/users\/160"}],"replies":[{"embeddable":true,"href":"http:\/\/desarrollo.grupomedios.com\/futbol\/wp-json\/wp\/v2\/comments?post=520315"}],"version-history":[{"count":2,"href":"http:\/\/desarrollo.grupomedios.com\/futbol\/wp-json\/wp\/v2\/posts\/520315\/revisions"}],"predecessor-version":[{"id":520380,"href":"http:\/\/desarrollo.grupomedios.com\/futbol\/wp-json\/wp\/v2\/posts\/520315\/revisions\/520380"}],"wp:featuredmedia":[{"embeddable":true,"href":"http:\/\/desarrollo.grupomedios.com\/futbol\/wp-json\/wp\/v2\/media\/520316"}],"wp:attachment":[{"href":"http:\/\/desarrollo.grupomedios.com\/futbol\/wp-json\/wp\/v2\/media?parent=520315"}],"wp:term":[{"taxonomy":"category","embeddable":true,"href":"http:\/\/desarrollo.grupomedios.com\/futbol\/wp-json\/wp\/v2\/categories?post=520315"},{"taxonomy":"post_tag","embeddable":true,"href":"http:\/\/desarrollo.grupomedios.com\/futbol\/wp-json\/wp\/v2\/tags?post=520315"}],"curies":[{"name":"wp","href":"https:\/\/api.w.org\/{rel}","templated":true}]}}