{"id":520327,"date":"2018-03-11T10:53:46","date_gmt":"2018-03-11T16:53:46","guid":{"rendered":"https:\/\/www.futboltotal.com.mx\/?p=520327"},"modified":"2018-03-11T10:53:46","modified_gmt":"2018-03-11T16:53:46","slug":"barcelona-cierra-fichaje-arthur","status":"publish","type":"post","link":"http:\/\/desarrollo.grupomedios.com\/futbol\/destacado-home\/barcelona-cierra-fichaje-arthur\/2018\/03","title":{"rendered":"Barcelona cierra el fichaje de Arthur"},"content":{"rendered":"<p><mark><strong>Barcelona<\/strong> y <strong>Gremio<\/strong> de Brasil llegaron a un acuerdo que le otorga una opci\u00f3n de compra al <strong>Bar\u00e7a<\/strong> para fichar a <strong>Arthur,<\/strong><\/mark> volante brasile\u00f1o del equipo de <strong>Porto Alegre.<\/strong> La misma podr\u00e1 concretarse en julio a cambio de <strong>30 millones de euros<\/strong> con nueve adicionales en variables, seg\u00fan ha anunciado el club catal\u00e1n.<\/p>\n<p style=\"text-align: center;\"><a href=\"https:\/\/www.futboltotal.com.mx\/futbol-internacional\/liga-de-espana\/malaga-cf-0-fc-barcelona-2-laliga-2018-resumen\/2018\/03\">VER M\u00c1S: \u00a1Barcelona y ya!; vencen con autoridad al M\u00e1laga<\/a><\/p>\n<p><mark>Las negociaciones entre el equipo catal\u00e1n y el <strong>Gremio<\/strong> se han iniciado hace meses aunque se aceleraron en los \u00faltimos d\u00edas,<\/mark> cuando una delegaci\u00f3n del club brasile\u00f1o se desplaz\u00f3 hasta la ciudad espa\u00f1ola para concretarla. En diciembre del a\u00f1o pasado, se hab\u00edan filtrado fotos de <strong>Arthur<\/strong> con la camiseta del <strong>Barcelona,<\/strong> un hecho que despert\u00f3 pol\u00e9mica y que incluso llev\u00f3 a que el Bar\u00e7a se disculpe ante las autoridades del equipo de Brasil <a href=\"https:\/\/www.futboltotal.com.mx\/futbol-internacional\/gremio-demandara-al-fc-barcelona-una-foto\/2017\/12\" target=\"_blank\" rel=\"noopener\">ante una probable demanda.<\/a>\u00a0Los rumores de este cierre volvieron a dar de qu\u00e9 hablar <a href=\"https:\/\/www.futboltotal.com.mx\/futbol-internacional\/liga-de-espana\/fc-barcelona-gremio-tendrian-acuerdo-joya-brasilena\/2018\/02\" target=\"_blank\" rel=\"noopener\">el mes pasado.<\/a><\/p>\n<p><strong>Arthur,<\/strong> nacido el 12 de agosto de 1996 en Goiana (Brasil), juega de centrocampista y se trata de un organizador con mucho talento para el juego asociativo. Es un futbolista creativo, con visi\u00f3n de juego al espacio y capacidad para el desmarque.<\/p>\n<p style=\"text-align: center;\"><a href=\"https:\/\/www.futboltotal.com.mx\/futbol-internacional\/liga-de-francia-futbol-internacional\/dani-alves-convence-a-crack-fichar-psg\/2018\/03\">VER M\u00c1S: Dani Alves convence a un crack para fichar por el PSG<\/a><\/p>\n<p><mark>Con <strong>Gremio<\/strong> gan\u00f3 la Copa de Brasil y la <strong>Copa Libertadores,<\/strong> en la que fue clave y fue el jugador del partido en la final de vuelta<\/mark> ante el <strong>Lan\u00fas<\/strong> de Argentina. A ese club hab\u00eda llegado en 2010 desde <strong>Goias,<\/strong> el equipo del cual fue canterano.<\/p>\n<p>A pesar de ser un habitual en las selecciones Sub 17 y Sub 20 de Brasil y de haber sido convocado en ocasiones para el equipo mayor, <mark>a\u00fan no ha debutado en este cuadro.<\/mark><\/p>\n<blockquote class=\"twitter-tweet\" data-width=\"500\">\n<p lang=\"es\" dir=\"ltr\">[\u00daLTIMA HORA] Acuerdo para la opci\u00f3n de traspaso de Arthur <a href=\"https:\/\/t.co\/htTMS3iAYB\">https:\/\/t.co\/htTMS3iAYB<\/a><\/p>\n<p>&mdash; FC Barcelona (@FCBarcelona_es) <a href=\"https:\/\/twitter.com\/FCBarcelona_es\/status\/972792436371189760?ref_src=twsrc%5Etfw\">March 11, 2018<\/a><\/p><\/blockquote>\n<p><script async src=\"https:\/\/platform.twitter.com\/widgets.js\" charset=\"utf-8\"><\/script><\/p>\n","protected":false},"excerpt":{"rendered":"<p>El Barcelona anunci\u00f3 un acuerdo con Gremio que le otorga una opci\u00f3n de compra para fichar al volante brasile\u00f1o.<\/p>\n","protected":false},"author":165,"featured_media":520328,"comment_status":"closed","ping_status":"closed","sticky":false,"template":"","format":"standard","meta":[],"categories":[5,3839,3844],"tags":[11302,2086,5984,2876,2771,12058,2685,12057,8735,12056,8736],"_links":{"self":[{"href":"http:\/\/desarrollo.grupomedios.com\/futbol\/wp-json\/wp\/v2\/posts\/520327"}],"collection":[{"href":"http:\/\/desarrollo.grupomedios.com\/futbol\/wp-json\/wp\/v2\/posts"}],"about":[{"href":"http:\/\/desarrollo.grupomedios.com\/futbol\/wp-json\/wp\/v2\/types\/post"}],"author":[{"embeddable":true,"href":"http:\/\/desarrollo.grupomedios.com\/futbol\/wp-json\/wp\/v2\/users\/165"}],"replies":[{"embeddable":true,"href":"http:\/\/desarrollo.grupomedios.com\/futbol\/wp-json\/wp\/v2\/comments?post=520327"}],"version-history":[{"count":1,"href":"http:\/\/desarrollo.grupomedios.com\/futbol\/wp-json\/wp\/v2\/posts\/520327\/revisions"}],"predecessor-version":[{"id":520329,"href":"http:\/\/desarrollo.grupomedios.com\/futbol\/wp-json\/wp\/v2\/posts\/520327\/revisions\/520329"}],"wp:featuredmedia":[{"embeddable":true,"href":"http:\/\/desarrollo.grupomedios.com\/futbol\/wp-json\/wp\/v2\/media\/520328"}],"wp:attachment":[{"href":"http:\/\/desarrollo.grupomedios.com\/futbol\/wp-json\/wp\/v2\/media?parent=520327"}],"wp:term":[{"taxonomy":"category","embeddable":true,"href":"http:\/\/desarrollo.grupomedios.com\/futbol\/wp-json\/wp\/v2\/categories?post=520327"},{"taxonomy":"post_tag","embeddable":true,"href":"http:\/\/desarrollo.grupomedios.com\/futbol\/wp-json\/wp\/v2\/tags?post=520327"}],"curies":[{"name":"wp","href":"https:\/\/api.w.org\/{rel}","templated":true}]}}