{"id":520344,"date":"2018-03-11T14:49:56","date_gmt":"2018-03-11T20:49:56","guid":{"rendered":"https:\/\/www.futboltotal.com.mx\/?p=520344"},"modified":"2018-03-11T14:49:56","modified_gmt":"2018-03-11T20:49:56","slug":"lionel-messi-presento-a-ciro-tercer-hijo","status":"publish","type":"post","link":"http:\/\/desarrollo.grupomedios.com\/futbol\/futbol-internacional\/lionel-messi-presento-a-ciro-tercer-hijo\/2018\/03","title":{"rendered":"Lionel Messi present\u00f3 oficialmente a Ciro, su tercer hijo"},"content":{"rendered":"<p><strong>Lio<\/strong> fue baja en el encuentro contra el <strong>M\u00e1laga<\/strong> <mark>ya que lleg\u00f3 la hora de recibir a su tercer hijo.<\/mark> <strong>Antonella Roccuzzo<\/strong> dio a luz al tercero de los hermanos <strong>Messi Roccuzzo.\u00a0<\/strong><\/p>\n<p style=\"text-align: center;\"><a href=\"https:\/\/www.futboltotal.com.mx\/futbol-internacional\/liga-de-espana\/malaga-cf-0-fc-barcelona-2-laliga-2018-resumen\/2018\/03\">VER M\u00c1S: \u00a1Barcelona y ya!; vencen con autoridad al M\u00e1laga<\/a><\/p>\n<p><strong>Ciro<\/strong> naci\u00f3 en el <em>Hospital USP Dexeus<\/em> de Barcelona, donde tambi\u00e9n atendieron los partos de sus dos hijos mayores.<\/p>\n<p>La primera en dar la noticia fue <strong>Carla,<\/strong> la hermana de <strong>Antonella<\/strong> y cu\u00f1ada de <strong>Lionel.<\/strong> Posteriormente, <mark>la m\u00e1xima estrella del <strong>Barcelona<\/strong> public\u00f3 en <em>Instagram<\/em>\u00a0un primer mensaje a su amado peque\u00f1o.<\/mark><\/p>\n<blockquote class=\"instagram-media\" style=\"background: #FFF; border: 0; border-radius: 3px; box-shadow: 0 0 1px 0 rgba(0,0,0,0.5),0 1px 10px 0 rgba(0,0,0,0.15); margin: 1px; max-width: 658px; padding: 0; width: calc(100% - 2px);\" data-instgrm-captioned=\"\" data-instgrm-permalink=\"https:\/\/www.instagram.com\/p\/BgJMXQFn4hq\/\" data-instgrm-version=\"8\">\n<div style=\"padding: 8px;\">\n<div style=\"background: #F8F8F8; line-height: 0; margin-top: 40px; padding: 50.0% 0; text-align: center; width: 100%;\"><\/div>\n<p style=\"margin: 8px 0 0 0; padding: 0 4px;\"><a style=\"color: #000; font-family: Arial,sans-serif; font-size: 14px; font-style: normal; font-weight: normal; line-height: 17px; text-decoration: none; word-wrap: break-word;\" href=\"https:\/\/www.instagram.com\/p\/BgJMXQFn4hq\/\" target=\"_blank\" rel=\"noopener\">Bienvenido Ciro !!! Gracias a Dios sali\u00f3 todo perfecto . La mam\u00e1 y el est\u00e1n muy bien . Estamos s\u00faper felices !!!!!\u2764\ufe0f\u2764\ufe0f<\/a><\/p>\n<p style=\"color: #c9c8cd; font-family: Arial,sans-serif; font-size: 14px; line-height: 17px; margin-bottom: 0; margin-top: 8px; overflow: hidden; padding: 8px 0 7px; text-align: center; text-overflow: ellipsis; white-space: nowrap;\">Una publicaci\u00f3n compartida de <a style=\"color: #c9c8cd; font-family: Arial,sans-serif; font-size: 14px; font-style: normal; font-weight: normal; line-height: 17px;\" href=\"https:\/\/www.instagram.com\/leomessi\/\" target=\"_blank\" rel=\"noopener\"> Leo Messi<\/a> (@leomessi) el <time style=\"font-family: Arial,sans-serif; font-size: 14px; line-height: 17px;\" datetime=\"2018-03-10T13:02:03+00:00\">Mar 10, 2018 at 5:02 PST<\/time><\/p>\n<\/div>\n<\/blockquote>\n<p><script async defer src=\"\/\/www.instagram.com\/embed.js\"><\/script><\/p>\n<p style=\"text-align: center;\"><a href=\"https:\/\/www.futboltotal.com.mx\/destacado-home\/barcelona-cierra-fichaje-arthur\/2018\/03\">VER M\u00c1S: Barcelona cierra el fichaje de Arthur<\/a><\/p>\n<p>En otra imagen posterior, <strong>Lio<\/strong> presumi\u00f3 acompa\u00f1ar a sus compa\u00f1eros con una fotograf\u00eda donde \u00e9l y su hijo mayor <strong>Thiago<\/strong> <mark>posan juntos frente un televisor transmitiendo el partido del equipo <em>cul\u00e9.<\/em><\/mark><\/p>\n<blockquote class=\"instagram-media\" style=\"background: #FFF; border: 0; border-radius: 3px; box-shadow: 0 0 1px 0 rgba(0,0,0,0.5),0 1px 10px 0 rgba(0,0,0,0.15); margin: 1px; max-width: 658px; padding: 0; width: calc(100% - 2px);\" data-instgrm-captioned=\"\" data-instgrm-permalink=\"https:\/\/www.instagram.com\/p\/BgJ67QJn9Hi\/\" data-instgrm-version=\"8\">\n<div style=\"padding: 8px;\">\n<div style=\"background: #F8F8F8; line-height: 0; margin-top: 40px; padding: 60.50925925925926% 0; text-align: center; width: 100%;\"><\/div>\n<p style=\"margin: 8px 0 0 0; padding: 0 4px;\"><a style=\"color: #000; font-family: Arial,sans-serif; font-size: 14px; font-style: normal; font-weight: normal; line-height: 17px; text-decoration: none; word-wrap: break-word;\" href=\"https:\/\/www.instagram.com\/p\/BgJ67QJn9Hi\/\" target=\"_blank\" rel=\"noopener\">Listos !!!<\/a><\/p>\n<p style=\"color: #c9c8cd; font-family: Arial,sans-serif; font-size: 14px; line-height: 17px; margin-bottom: 0; margin-top: 8px; overflow: hidden; padding: 8px 0 7px; text-align: center; text-overflow: ellipsis; white-space: nowrap;\">Una publicaci\u00f3n compartida de <a style=\"color: #c9c8cd; font-family: Arial,sans-serif; font-size: 14px; font-style: normal; font-weight: normal; line-height: 17px;\" href=\"https:\/\/www.instagram.com\/leomessi\/\" target=\"_blank\" rel=\"noopener\"> Leo Messi<\/a> (@leomessi) el <time style=\"font-family: Arial,sans-serif; font-size: 14px; line-height: 17px;\" datetime=\"2018-03-10T19:48:55+00:00\">Mar 10, 2018 at 11:48 PST<\/time><\/p>\n<\/div>\n<\/blockquote>\n<p><script async defer src=\"\/\/www.instagram.com\/embed.js\"><\/script><\/p>\n<p><mark><strong>Antonella<\/strong> tambi\u00e9n se manifest\u00f3 con una bella imagen de la familia <strong>Messi<\/strong> completa,<\/mark> en un instante de pura felicidad.<\/p>\n<blockquote class=\"instagram-media\" style=\"background: #FFF; border: 0; border-radius: 3px; box-shadow: 0 0 1px 0 rgba(0,0,0,0.5),0 1px 10px 0 rgba(0,0,0,0.15); margin: 1px; max-width: 658px; padding: 0; width: calc(100% - 2px);\" data-instgrm-captioned=\"\" data-instgrm-permalink=\"https:\/\/www.instagram.com\/p\/BgJ8pRCh81P\/\" data-instgrm-version=\"8\">\n<div style=\"padding: 8px;\">\n<div style=\"background: #F8F8F8; line-height: 0; margin-top: 40px; padding: 37.5% 0; text-align: center; width: 100%;\"><\/div>\n<p style=\"margin: 8px 0 0 0; padding: 0 4px;\"><a style=\"color: #000; font-family: Arial,sans-serif; font-size: 14px; font-style: normal; font-weight: normal; line-height: 17px; text-decoration: none; word-wrap: break-word;\" href=\"https:\/\/www.instagram.com\/p\/BgJ8pRCh81P\/\" target=\"_blank\" rel=\"noopener\">No me alcanza el cuerpo de todo el amor que les tengo\u2764\ufe0f \u2764\ufe0f\u2764\ufe0f Bienvenido Ciro\u2764\ufe0f\u2764\ufe0f\u2764\ufe0f\u2764\ufe0f\u2764\ufe0f<\/a><\/p>\n<p style=\"color: #c9c8cd; font-family: Arial,sans-serif; font-size: 14px; line-height: 17px; margin-bottom: 0; margin-top: 8px; overflow: hidden; padding: 8px 0 7px; text-align: center; text-overflow: ellipsis; white-space: nowrap;\">Una publicaci\u00f3n compartida de <a style=\"color: #c9c8cd; font-family: Arial,sans-serif; font-size: 14px; font-style: normal; font-weight: normal; line-height: 17px;\" href=\"https:\/\/www.instagram.com\/antoroccuzzo88\/\" target=\"_blank\" rel=\"noopener\"> AntoRoccuzzo88<\/a> (@antoroccuzzo88) el <time style=\"font-family: Arial,sans-serif; font-size: 14px; line-height: 17px;\" datetime=\"2018-03-10T20:03:57+00:00\">Mar 10, 2018 at 12:03 PST<\/time><\/p>\n<\/div>\n<\/blockquote>\n<p><script async defer src=\"\/\/www.instagram.com\/embed.js\"><\/script><\/p>\n","protected":false},"excerpt":{"rendered":"<p>La estrella del Barcelona, en un momento de pura felicidad. <\/p>\n","protected":false},"author":165,"featured_media":520345,"comment_status":"closed","ping_status":"closed","sticky":false,"template":"","format":"standard","meta":[],"categories":[5419,3839,3844],"tags":[8968,3867,5984,12062,12063,3312,76,6012,306,248,12061,1506,12064],"_links":{"self":[{"href":"http:\/\/desarrollo.grupomedios.com\/futbol\/wp-json\/wp\/v2\/posts\/520344"}],"collection":[{"href":"http:\/\/desarrollo.grupomedios.com\/futbol\/wp-json\/wp\/v2\/posts"}],"about":[{"href":"http:\/\/desarrollo.grupomedios.com\/futbol\/wp-json\/wp\/v2\/types\/post"}],"author":[{"embeddable":true,"href":"http:\/\/desarrollo.grupomedios.com\/futbol\/wp-json\/wp\/v2\/users\/165"}],"replies":[{"embeddable":true,"href":"http:\/\/desarrollo.grupomedios.com\/futbol\/wp-json\/wp\/v2\/comments?post=520344"}],"version-history":[{"count":1,"href":"http:\/\/desarrollo.grupomedios.com\/futbol\/wp-json\/wp\/v2\/posts\/520344\/revisions"}],"predecessor-version":[{"id":520346,"href":"http:\/\/desarrollo.grupomedios.com\/futbol\/wp-json\/wp\/v2\/posts\/520344\/revisions\/520346"}],"wp:featuredmedia":[{"embeddable":true,"href":"http:\/\/desarrollo.grupomedios.com\/futbol\/wp-json\/wp\/v2\/media\/520345"}],"wp:attachment":[{"href":"http:\/\/desarrollo.grupomedios.com\/futbol\/wp-json\/wp\/v2\/media?parent=520344"}],"wp:term":[{"taxonomy":"category","embeddable":true,"href":"http:\/\/desarrollo.grupomedios.com\/futbol\/wp-json\/wp\/v2\/categories?post=520344"},{"taxonomy":"post_tag","embeddable":true,"href":"http:\/\/desarrollo.grupomedios.com\/futbol\/wp-json\/wp\/v2\/tags?post=520344"}],"curies":[{"name":"wp","href":"https:\/\/api.w.org\/{rel}","templated":true}]}}