{"id":520356,"date":"2018-03-11T15:52:51","date_gmt":"2018-03-11T21:52:51","guid":{"rendered":"https:\/\/www.futboltotal.com.mx\/?p=520356"},"modified":"2018-03-11T15:52:51","modified_gmt":"2018-03-11T21:52:51","slug":"presidente-del-paok-ingresa-guardaespaldas-a-juego-lo-interrumpe","status":"publish","type":"post","link":"http:\/\/desarrollo.grupomedios.com\/futbol\/futbol-internacional\/presidente-del-paok-ingresa-guardaespaldas-a-juego-lo-interrumpe\/2018\/03","title":{"rendered":"Presidente del PAOK ingresa con guardaespaldas a juego y lo interrumpe"},"content":{"rendered":"<p>El partido de este domingo <strong>PAOK Sal\u00f3nica-AEK Atenas<\/strong>, de la Liga griega, fue suspendido <strong>por la invasi\u00f3n del terreno de juego<\/strong> del estadio Tumba por aficionados y directivos del PAOK, incluido su presidente, enfurecidos por un gol anulado al caboverdiano <strong>Fernando Varela<\/strong> en el tiempo a\u00f1adido.<\/p>\n<p>El choque enfrentaba a los dos primeros clasificados de la Liga griega y el AEK del espa\u00f1ol <strong>Manolo Jim\u00e9nez<\/strong> afront\u00f3 el duelo como l\u00edder de la tabla, con dos puntos de ventaja sobre el PAOK Sal\u00f3nica que entrena el rumano Razvan Lucescu.<\/p>\n<p>El encuentro transcurr\u00eda con empate sin goles y en el tiempo a\u00f1adido Varela llev\u00f3 el bal\u00f3n a la red, pero el \u00e1rbitro, <strong>Georgios Kominis<\/strong>, <strong>se\u00f1al\u00f3 fuera de juego e invalid\u00f3 el tanto que hubiera situado al PAOK en el liderato de la competici\u00f3n<\/strong>.<\/p>\n<p style=\"text-align: center;\"><span style=\"color: #333399;\"><a href=\"https:\/\/www.futboltotal.com.mx\/videos\/jugador-pide-perdon-a-portero-tras-penal-a-lo-panenka\/2018\/03\">VER M\u00c1S:\u00a0<span class=\"item-title\">Jugador pide perd\u00f3n a portero tras un penal a lo \u2018Panenka\u2019<\/span><\/a><\/span><\/p>\n<p style=\"text-align: left;\"><span style=\"color: #333399;\"><\/span>La decisi\u00f3n exalt\u00f3 a los seguidores, pero tambi\u00e9n a los jugadores locales, que cercaron al juez del encuentro, y al cuerpo t\u00e9cnico, que salt\u00f3 al terreno de juego para acentuar su protesta.<\/p>\n<p><mark>Sobre el c\u00e9sped irrumpi\u00f3, excitado y molesto por la decisi\u00f3n del \u00e1rbitro, el presidente del club, Ivan Savidis, que se dirigi\u00f3 al \u00e1rbitro. La situaci\u00f3n se prolong\u00f3 durante varios minutos.<\/mark><\/p>\n<p>Los jugadores del AEK se marcharon al vestuario, que poco despu\u00e9s logr\u00f3 alcanzar tambi\u00e9n el \u00e1rbitro. En pleno caos, los futbolistas del PAOK permanecieron en el campo a la espera de que se reanudara el partido.<\/p>\n<p><strong>Oscar Garc\u00eda<\/strong> fue alcanzado por un rollo de papel de los que se usan para las cajas registradoras justo cuando iba a empezar el partido en el campo del PAOK.<\/p>\n","protected":false},"excerpt":{"rendered":"<p>Ivan Savidis, presidente del PAOK de Grecia, interrumpi\u00f3 el partido tras una marcaci\u00f3n que perjudic\u00f3 a su equipo<\/p>\n","protected":false},"author":160,"featured_media":520357,"comment_status":"closed","ping_status":"closed","sticky":false,"template":"","format":"standard","meta":[],"categories":[3839],"tags":[3228,12070,12069,514],"_links":{"self":[{"href":"http:\/\/desarrollo.grupomedios.com\/futbol\/wp-json\/wp\/v2\/posts\/520356"}],"collection":[{"href":"http:\/\/desarrollo.grupomedios.com\/futbol\/wp-json\/wp\/v2\/posts"}],"about":[{"href":"http:\/\/desarrollo.grupomedios.com\/futbol\/wp-json\/wp\/v2\/types\/post"}],"author":[{"embeddable":true,"href":"http:\/\/desarrollo.grupomedios.com\/futbol\/wp-json\/wp\/v2\/users\/160"}],"replies":[{"embeddable":true,"href":"http:\/\/desarrollo.grupomedios.com\/futbol\/wp-json\/wp\/v2\/comments?post=520356"}],"version-history":[{"count":1,"href":"http:\/\/desarrollo.grupomedios.com\/futbol\/wp-json\/wp\/v2\/posts\/520356\/revisions"}],"predecessor-version":[{"id":520358,"href":"http:\/\/desarrollo.grupomedios.com\/futbol\/wp-json\/wp\/v2\/posts\/520356\/revisions\/520358"}],"wp:featuredmedia":[{"embeddable":true,"href":"http:\/\/desarrollo.grupomedios.com\/futbol\/wp-json\/wp\/v2\/media\/520357"}],"wp:attachment":[{"href":"http:\/\/desarrollo.grupomedios.com\/futbol\/wp-json\/wp\/v2\/media?parent=520356"}],"wp:term":[{"taxonomy":"category","embeddable":true,"href":"http:\/\/desarrollo.grupomedios.com\/futbol\/wp-json\/wp\/v2\/categories?post=520356"},{"taxonomy":"post_tag","embeddable":true,"href":"http:\/\/desarrollo.grupomedios.com\/futbol\/wp-json\/wp\/v2\/tags?post=520356"}],"curies":[{"name":"wp","href":"https:\/\/api.w.org\/{rel}","templated":true}]}}