{"id":520374,"date":"2018-03-11T16:32:30","date_gmt":"2018-03-11T22:32:30","guid":{"rendered":"https:\/\/www.futboltotal.com.mx\/?p=520374"},"modified":"2021-08-12T17:46:12","modified_gmt":"2021-08-12T22:46:12","slug":"santos-anuncia-la-baja-lesion-goleador-djaniny-tavares","status":"publish","type":"post","link":"http:\/\/desarrollo.grupomedios.com\/futbol\/destacado-home\/santos-anuncia-la-baja-lesion-goleador-djaniny-tavares\/2018\/03","title":{"rendered":"Santos anuncia la baja por lesi\u00f3n de su goleador Djaniny Tavares"},"content":{"rendered":"<p>Terrible baja para <strong>Santos Laguna<\/strong> se ha presentado tras la lesi\u00f3n de su goleador <strong>Djaniny Tavares<\/strong>, quien estar\u00e1 fuera de 10 a 15 d\u00edas.<\/p>\n<p>El cuadro santista dio a conocer en un comunicado que el delantero de Cabo Verde sufri\u00f3 <strong>una lesi\u00f3n en la parte externa del muslo de la pierna izquierda<\/strong>, lo que lo dejar\u00e1 fuera para los cotejos contra <strong>Monterrey, Quer\u00e9taro y Puebla<\/strong> de la Liga y Copa MX.<\/p>\n<p><mark>Djaniny Tavares actualmente est\u00e1 rompiendo la liga como el m\u00e1ximo romperredes con 12 anotaciones en 10 juegos, pero esta lesi\u00f3n ha cortado su racha goleadora<\/mark>.<\/p>\n<p style=\"text-align: center;\"><span style=\"color: #333399;\"><a href=\"https:\/\/www.futboltotal.com.mx\/futbol-mexicano\/santos-laguna-vs-monterrey-clausura-2018-en-vivo-minuto-a-minuto\/2018\/03\">VER M\u00c1S:\u00a0<span class=\"item-title\">Santos Laguna vs Monterrey | Clausura 2018 | EN VIVO: Minuto a minuto<\/span><\/a><\/span><\/p>\n<p>Su reemplazo en el ataque ser\u00eda el uruguayo <strong>Jonathan Rodr\u00edguez<\/strong> quien har\u00eda pareja en el ataque con <strong>Julio C\u00e9sar Furch<\/strong>.<\/p>\n","protected":false},"excerpt":{"rendered":"<p>Djaniny es el m\u00e1ximo goleador de la liga con 12 anotaciones<\/p>\n","protected":false},"author":160,"featured_media":520375,"comment_status":"closed","ping_status":"closed","sticky":false,"template":"","format":"standard","meta":[],"categories":[5,2198,3845],"tags":[8426,12114,174],"_links":{"self":[{"href":"http:\/\/desarrollo.grupomedios.com\/futbol\/wp-json\/wp\/v2\/posts\/520374"}],"collection":[{"href":"http:\/\/desarrollo.grupomedios.com\/futbol\/wp-json\/wp\/v2\/posts"}],"about":[{"href":"http:\/\/desarrollo.grupomedios.com\/futbol\/wp-json\/wp\/v2\/types\/post"}],"author":[{"embeddable":true,"href":"http:\/\/desarrollo.grupomedios.com\/futbol\/wp-json\/wp\/v2\/users\/160"}],"replies":[{"embeddable":true,"href":"http:\/\/desarrollo.grupomedios.com\/futbol\/wp-json\/wp\/v2\/comments?post=520374"}],"version-history":[{"count":1,"href":"http:\/\/desarrollo.grupomedios.com\/futbol\/wp-json\/wp\/v2\/posts\/520374\/revisions"}],"predecessor-version":[{"id":520376,"href":"http:\/\/desarrollo.grupomedios.com\/futbol\/wp-json\/wp\/v2\/posts\/520374\/revisions\/520376"}],"wp:featuredmedia":[{"embeddable":true,"href":"http:\/\/desarrollo.grupomedios.com\/futbol\/wp-json\/wp\/v2\/media\/520375"}],"wp:attachment":[{"href":"http:\/\/desarrollo.grupomedios.com\/futbol\/wp-json\/wp\/v2\/media?parent=520374"}],"wp:term":[{"taxonomy":"category","embeddable":true,"href":"http:\/\/desarrollo.grupomedios.com\/futbol\/wp-json\/wp\/v2\/categories?post=520374"},{"taxonomy":"post_tag","embeddable":true,"href":"http:\/\/desarrollo.grupomedios.com\/futbol\/wp-json\/wp\/v2\/tags?post=520374"}],"curies":[{"name":"wp","href":"https:\/\/api.w.org\/{rel}","templated":true}]}}