{"id":520495,"date":"2019-08-26T09:50:28","date_gmt":"2019-08-26T14:50:28","guid":{"rendered":"http:\/\/desarrollo.grupomedios.com\/futbol\/?p=520495"},"modified":"2025-12-17T12:31:03","modified_gmt":"2025-12-17T18:31:03","slug":"diego-reyes-con-libertad-de-llegar-a-tigres","status":"publish","type":"post","link":"http:\/\/desarrollo.grupomedios.com\/futbol\/destacado-home\/diego-reyes-con-libertad-de-llegar-a-tigres\/2019\/08","title":{"rendered":"Diego Reyes con libertad de llegar a Tigres"},"content":{"rendered":"<p>Es oficial. <strong>Diego Reyes<\/strong> qued\u00f3 libre de su contrato con el <strong>Fenerbahce<\/strong> de Turqu\u00eda por lo que en pr\u00f3ximos d\u00edas podr\u00eda hacer oficial su regreso a la<strong> Liga MX<\/strong>, espec\u00edficamente con los <strong>Tigres<\/strong>.<\/p>\n<p>Hace algunos d\u00edas, el presidente de los felinos, <strong>Miguel \u00c1ngel Garza<\/strong>, reconoci\u00f3 que el defensa mexicano era una opci\u00f3n para ellos. Sin embargo, de acuerdo con la cadena de <em>ESPN<\/em>, todav\u00eda hab\u00eda detalles por revisar antes de llegar a un acuerdo.<\/p>\n<div id=\"gallery6di\" style=\"display:none;\"><img alt=\"\" src=\"http:\/\/desarrollo.grupomedios.com\/futbol\/wp-content\/uploads\/2018\/03\/francia-98-2.jpg\" data-image=\"http:\/\/desarrollo.grupomedios.com\/futbol\/wp-content\/uploads\/2018\/03\/francia-98-2.jpg\" data-description=\"francia-98-2\"><img alt=\"\" src=\"http:\/\/desarrollo.grupomedios.com\/futbol\/wp-content\/uploads\/2018\/03\/francia-98-1.jpg\" data-image=\"http:\/\/desarrollo.grupomedios.com\/futbol\/wp-content\/uploads\/2018\/03\/francia-98-1.jpg\" data-description=\"francia-98-1\"><img alt=\"\" src=\"http:\/\/desarrollo.grupomedios.com\/futbol\/wp-content\/uploads\/2018\/03\/jorge-campos-jersey-exotico.jpg\" data-image=\"http:\/\/desarrollo.grupomedios.com\/futbol\/wp-content\/uploads\/2018\/03\/jorge-campos-jersey-exotico.jpg\" data-description=\"jorge-campos-jersey-exotico\"><img alt=\"La armadura utilizada por Francia en el Mundial de 1998\" src=\"http:\/\/desarrollo.grupomedios.com\/futbol\/wp-content\/uploads\/2018\/03\/zizou-2018.jpg\" data-image=\"http:\/\/desarrollo.grupomedios.com\/futbol\/wp-content\/uploads\/2018\/03\/zizou-2018.jpg\" data-description=\"zizou 2018\"><img alt=\"Copa de los cuartos de final\" src=\"http:\/\/desarrollo.grupomedios.com\/futbol\/wp-content\/uploads\/2018\/03\/copa-cuartos-final.jpg\" data-image=\"http:\/\/desarrollo.grupomedios.com\/futbol\/wp-content\/uploads\/2018\/03\/copa-cuartos-final.jpg\" data-description=\"copa-cuartos-final\"><img alt=\"Rayados de Monterrey ha tenido una maldici\u00f3n con los penales\" src=\"http:\/\/desarrollo.grupomedios.com\/futbol\/wp-content\/uploads\/2018\/03\/rayados-2018.jpg\" data-image=\"http:\/\/desarrollo.grupomedios.com\/futbol\/wp-content\/uploads\/2018\/03\/rayados-2018.jpg\" data-description=\"rayados-2018\"><\/div>\n        <script>\n        \/\/galeria 1\n        jQuery(document).ready(function(){ \n            var api;\n            api = jQuery(\"#gallery6di\").unitegallery({\n                carousel_autoplay: false\n            }); \n        });\n        <\/script>\n        \n<p>Con la confirmaci\u00f3n por parte del <strong>Fenerbahce<\/strong> de que finalizaron su v\u00ednculo contractual con Reyes, parece que la v\u00eda queda libre para que los felinos repatrien al canterano del Am\u00e9rica.<\/p>\n<p>Seg\u00fan la informaci\u00f3n que se ha publicado, a los Tigres les costar\u00eda alrededor de<strong> 3 millones de d\u00f3lares<\/strong> comprar al defensa. Sin embargo, es probable que esa cantidad se reduzca ahora que ya no tiene contrato vigente en <strong>Turqu\u00eda<\/strong>.<\/p>\n<p><img decoding=\"async\" loading=\"lazy\" class=\"alignnone size-full wp-image-578231\" src=\"https:\/\/www.futboltotal.com.mx\/wp-content\/uploads\/2019\/08\/Diego.jpg\" alt=\"Diego Reyes comunicado\" \/><\/p>\n<p><mark>&#8220;Nuestro contrato con el futbolista Diego Reyes ha finalizado con el acuerdo mutuo de las partes.\u00a0<\/mark><mark>Queremos agradecer a Diego Reyes por su buena voluntad y su enfoque respetuoso durante las negociaciones para la cancelaci\u00f3n del contrato y desearle \u00e9xito en la vida futura del f\u00fatbol&#8221;<\/mark> es el comunicado que mand\u00f3 el club turco.<\/p>\n<p>El mexicano regresar\u00eda a M\u00e9xico luego de uno a\u00f1os en el futbol de Europa, mismo que comenz\u00f3 en el 2013 con su marcha al\u00a0<strong>FC Porto<\/strong>, posteriormente con la\u00a0<strong>Real Sociedad (2015-16), Espanyol (2016-17),<\/strong>\u00a0regres\u00f3 con los Dragones, pero posteriormente fue vendido al\u00a0<strong>Fenerbahce (2018),<\/strong>\u00a0y cedido al\u00a0<strong>Legan\u00e9s (2019).<\/strong><\/p>\n<p>De igual manera, Reyes se convertir\u00eda en el segundo defensa que los felinos traen de regreso de Europa al futbol mexicano. En enero de este a\u00f1o, Carlos Salcedo regres\u00f3 del Frankfurt y ahora los dos jugadores pelear\u00e1n por un lugar en el once titular.<\/p>\n","protected":false},"excerpt":{"rendered":"<p>Es oficial. Diego Reyes qued\u00f3 libre de su contrato con el Fenerbahce de Turqu\u00eda por lo que en pr\u00f3ximos d\u00edas podr\u00eda hacer oficial su regreso a la Liga MX, espec\u00edficamente con los Tigres. Hace algunos d\u00edas, el presidente de los felinos, Miguel \u00c1ngel Garza, reconoci\u00f3 que el defensa mexicano era una opci\u00f3n para ellos. Sin [&hellip;]<\/p>\n","protected":false},"author":141,"featured_media":520496,"comment_status":"closed","ping_status":"closed","sticky":false,"template":"","format":"standard","meta":[],"categories":[5,12112,2198,12113],"tags":[11503,12128,5973],"_links":{"self":[{"href":"http:\/\/desarrollo.grupomedios.com\/futbol\/wp-json\/wp\/v2\/posts\/520495"}],"collection":[{"href":"http:\/\/desarrollo.grupomedios.com\/futbol\/wp-json\/wp\/v2\/posts"}],"about":[{"href":"http:\/\/desarrollo.grupomedios.com\/futbol\/wp-json\/wp\/v2\/types\/post"}],"author":[{"embeddable":true,"href":"http:\/\/desarrollo.grupomedios.com\/futbol\/wp-json\/wp\/v2\/users\/141"}],"replies":[{"embeddable":true,"href":"http:\/\/desarrollo.grupomedios.com\/futbol\/wp-json\/wp\/v2\/comments?post=520495"}],"version-history":[{"count":2,"href":"http:\/\/desarrollo.grupomedios.com\/futbol\/wp-json\/wp\/v2\/posts\/520495\/revisions"}],"predecessor-version":[{"id":520533,"href":"http:\/\/desarrollo.grupomedios.com\/futbol\/wp-json\/wp\/v2\/posts\/520495\/revisions\/520533"}],"wp:featuredmedia":[{"embeddable":true,"href":"http:\/\/desarrollo.grupomedios.com\/futbol\/wp-json\/wp\/v2\/media\/520496"}],"wp:attachment":[{"href":"http:\/\/desarrollo.grupomedios.com\/futbol\/wp-json\/wp\/v2\/media?parent=520495"}],"wp:term":[{"taxonomy":"category","embeddable":true,"href":"http:\/\/desarrollo.grupomedios.com\/futbol\/wp-json\/wp\/v2\/categories?post=520495"},{"taxonomy":"post_tag","embeddable":true,"href":"http:\/\/desarrollo.grupomedios.com\/futbol\/wp-json\/wp\/v2\/tags?post=520495"}],"curies":[{"name":"wp","href":"https:\/\/api.w.org\/{rel}","templated":true}]}}