{"id":520498,"date":"2019-08-26T09:52:15","date_gmt":"2019-08-26T14:52:15","guid":{"rendered":"http:\/\/desarrollo.grupomedios.com\/futbol\/?p=520498"},"modified":"2025-12-17T12:31:02","modified_gmt":"2025-12-17T18:31:02","slug":"carlos-vela-sufrio-cuando-estuvo-en-seleccion-mexicana","status":"publish","type":"post","link":"http:\/\/desarrollo.grupomedios.com\/futbol\/futbol-mexicano\/carlos-vela-sufrio-cuando-estuvo-en-seleccion-mexicana\/2019\/08","title":{"rendered":"Carlos Vela sufri\u00f3 cuando estuvo en Selecci\u00f3n Mexicana"},"content":{"rendered":"<p><strong>Carlos Vela<\/strong> es uno de los mejores jugadores que ha tenido M\u00e9xico y actualmente es la figura de la <strong>MLS<\/strong>. Sin embargo, el delantero siempre ha mostrado cierto rechazo a jugar con la <strong>Selecci\u00f3n Mexicana<\/strong>, con lo que se ha ganado duras cr\u00edticas.<\/p>\n<p><a href=\"http:\/\/desarrollo.grupomedios.com\/futbol\/futbol-mexicano\/jugadores-que-ha-repatriado-tigres\/2019\/08\/attachment\/4au7n9o75-m-749\" rel=\"attachment wp-att-520546\"><img decoding=\"async\" loading=\"lazy\" class=\"alignnone size-full wp-image-520546\" src=\"http:\/\/desarrollo.grupomedios.com\/futbol\/wp-content\/uploads\/2019\/08\/4au7n9o75-m-749.png\" alt=\"Carlos Vela sufri\u00f3 cuando estuvo en Selecci\u00f3n Mexicana 0\" srcset=\"http:\/\/desarrollo.grupomedios.com\/futbol\/wp-content\/uploads\/2019\/08\/4au7n9o75-m-749.png 749w, http:\/\/desarrollo.grupomedios.com\/futbol\/wp-content\/uploads\/2019\/08\/4au7n9o75-m-749-150x150.png 150w, http:\/\/desarrollo.grupomedios.com\/futbol\/wp-content\/uploads\/2019\/08\/4au7n9o75-m-749-300x300.png 300w\" sizes=\"(max-width: 749px) 100vw, 749px\" \/><\/a><\/p>\n<p>Aunque los t\u00e9cnicos han respetado la decisi\u00f3n del jugador, no por eso era menos sorprendente que no quisiera representar a su pa\u00eds. No obstante, detr\u00e1s de esa negativa hay una explicaci\u00f3n m\u00e1s simple y es que Vela sufri\u00f3 de m\u00e1s joven cuando estuvo con el Tri.<\/p>\n<p>En entrevista con el diario <em>Marca<\/em>, Xabi Prieto, quien coincidi\u00f3 con Vela en la Real Sociedad de Espa\u00f1a, comparti\u00f3 lo que el mexicano les platicaba sobre su negativa a asistir a las convocatorias de su selecci\u00f3n.<\/p>\n<div style=\"width: 1034px\" class=\"wp-caption aligncenter\"><img decoding=\"async\" loading=\"lazy\" src=\"https:\/\/www.elsiglodetorreon.com.mx\/m\/i\/2016\/10\/868413.jpeg\" alt=\"Resultado de imagen para xabi prieto carlos vela\" \/><p class=\"wp-caption-text\">Prieto coincidi\u00f3 con Vela en la Real Sociedad<\/p><\/div>\n<p><mark>&#8220;Tanto yo como otros compa\u00f1eros le dec\u00edamos sobre la posibilidad de jugar el mundial, de defender la camiseta de su pa\u00eds. Pero \u00e9l la pas\u00f3 mal cuando era joven, todos los problemas que tuvo no s\u00e9 si fue con Gio o Jonathan, que estuvieron varios compa\u00f1eros sancionados que prefer\u00eda no estar&#8221;<\/mark> declar\u00f3 el ex-capit\u00e1n de la Real Sociedad.<\/p>\n<p>Aunque no especific\u00f3 en qu\u00e9 periodo de tiempo se dio esta situaci\u00f3n, asegur\u00f3 que Vela prefiri\u00f3 alejarse de los medios de comunicaci\u00f3n precisamente por esos problemas que tuvo con la Selecci\u00f3n Mexicana.<\/p>\n<p><mark>&#8220;Siempre ha tenido un poco de recelo de hablar con los medios. Tuvo una \u00e9poca complicada con la selecci\u00f3n de M\u00e9xico y eso hizo que se alejara del mundo televisivo. Es un tipo muy normal, alegre, extrovertido. No se vuelve loco por el f\u00fatbol, pero le gusta mucho jugar, bromear, sentirse muy c\u00f3modo con el bal\u00f3n&#8221;<\/mark> sentenci\u00f3.<\/p>\n","protected":false},"excerpt":{"rendered":"<p>Carlos Vela es uno de los mejores jugadores que ha tenido M\u00e9xico y actualmente es la figura de la MLS. Sin embargo, el delantero siempre ha mostrado cierto rechazo a jugar con la Selecci\u00f3n Mexicana, con lo que se ha ganado duras cr\u00edticas. Aunque los t\u00e9cnicos han respetado la decisi\u00f3n del jugador, no por eso [&hellip;]<\/p>\n","protected":false},"author":141,"featured_media":520499,"comment_status":"closed","ping_status":"closed","sticky":false,"template":"","format":"standard","meta":[],"categories":[12112,2198,3847,12113],"tags":[6048,65,11503,12128,3718],"_links":{"self":[{"href":"http:\/\/desarrollo.grupomedios.com\/futbol\/wp-json\/wp\/v2\/posts\/520498"}],"collection":[{"href":"http:\/\/desarrollo.grupomedios.com\/futbol\/wp-json\/wp\/v2\/posts"}],"about":[{"href":"http:\/\/desarrollo.grupomedios.com\/futbol\/wp-json\/wp\/v2\/types\/post"}],"author":[{"embeddable":true,"href":"http:\/\/desarrollo.grupomedios.com\/futbol\/wp-json\/wp\/v2\/users\/141"}],"replies":[{"embeddable":true,"href":"http:\/\/desarrollo.grupomedios.com\/futbol\/wp-json\/wp\/v2\/comments?post=520498"}],"version-history":[{"count":3,"href":"http:\/\/desarrollo.grupomedios.com\/futbol\/wp-json\/wp\/v2\/posts\/520498\/revisions"}],"predecessor-version":[{"id":520561,"href":"http:\/\/desarrollo.grupomedios.com\/futbol\/wp-json\/wp\/v2\/posts\/520498\/revisions\/520561"}],"wp:featuredmedia":[{"embeddable":true,"href":"http:\/\/desarrollo.grupomedios.com\/futbol\/wp-json\/wp\/v2\/media\/520499"}],"wp:attachment":[{"href":"http:\/\/desarrollo.grupomedios.com\/futbol\/wp-json\/wp\/v2\/media?parent=520498"}],"wp:term":[{"taxonomy":"category","embeddable":true,"href":"http:\/\/desarrollo.grupomedios.com\/futbol\/wp-json\/wp\/v2\/categories?post=520498"},{"taxonomy":"post_tag","embeddable":true,"href":"http:\/\/desarrollo.grupomedios.com\/futbol\/wp-json\/wp\/v2\/tags?post=520498"}],"curies":[{"name":"wp","href":"https:\/\/api.w.org\/{rel}","templated":true}]}}