{"id":520501,"date":"2019-08-26T10:08:58","date_gmt":"2019-08-26T15:08:58","guid":{"rendered":"http:\/\/desarrollo.grupomedios.com\/futbol\/?p=520501"},"modified":"2025-12-17T12:31:01","modified_gmt":"2025-12-17T18:31:01","slug":"jugadores-que-ha-repatriado-tigres","status":"publish","type":"post","link":"http:\/\/desarrollo.grupomedios.com\/futbol\/futbol-mexicano\/jugadores-que-ha-repatriado-tigres\/2019\/08","title":{"rendered":"Jugadores que ha repatriado Tigres"},"content":{"rendered":"<p>Despu\u00e9s de seis a\u00f1os en Europa,<strong> Diego Reyes<\/strong> regresar\u00e1 al futbol mexicano para reportar con <strong>Tigres<\/strong> en el torneo <strong>Apertura 2019.<\/strong> Sin embargo, el\u00a0zaguero no es el \u00fanico futbolista que ha sido repatriado por la escuadra universitaria. Aqu\u00ed te presentamos a los jugadores que terminaron su carrera en el futbol europeo y regresaron a M\u00e9xico:<\/p>\n<h2>Francisco Fonseca:<\/h2>\n<p>Despu\u00e9s de su participaci\u00f3n en la <strong>Copa del Mundo, Alemania 2006,<\/strong> el &#8216;Kikin&#8217; despert\u00f3 el inter\u00e9s del club portugu\u00e9s,<strong> Benfica,<\/strong> con quienes firm\u00f3 por cuatro a\u00f1os, sin embargo, no logr\u00f3 consolidarse en el equipo, marcando solo un gol en los ocho partidos que disput\u00f3 de la Liga. Por lo que en <strong>Clausura 2007<\/strong> regres\u00f3 al futbol mexicano con<strong> Tigres. <\/strong>De acuerdo a medios locales, la transferencia fue de 4.6 millones de d\u00f3lares.<\/p>\n<div id=\"attachment_555579\" style=\"width: 968px\" class=\"wp-caption alignnone\"><img aria-describedby=\"caption-attachment-555579\" decoding=\"async\" loading=\"lazy\" class=\"wp-image-555579 size-full\" src=\"https:\/\/www.futboltotal.com.mx\/wp-content\/uploads\/2019\/01\/kikin-fonseca-de-tigres.jpg\" alt=\"Jugadores que ha repatriado Tigres 0\" \/><p id=\"caption-attachment-555579\" class=\"wp-caption-text\">Tigres. De acuerdo a medios locales, la transferencia fue de 4.6 millones de d\u00f3lares.<\/p><\/div>\n<h2>Omar Bravo:<\/h2>\n<p>Su fugaz paso por la <strong>Liga Espa\u00f1ola<\/strong> se dio en el 2008, cuando fich\u00f3 para el <strong>Deportivo la Coru\u00f1a,<\/strong> con quienes solo estuvo seis meses marcando 3 goles, por lo que el club decidi\u00f3 cederlo en calidad de pr\u00e9stamo a <strong>Tigres,<\/strong> siendo presentado como uno de los refuerzos para el <strong>Torneo Clausura 2009<\/strong>, aunque con los felinos tampoco tuvo \u00e9xito, teniendo actividad solo en 6 partidos.<\/p>\n<h2><a href=\"http:\/\/desarrollo.grupomedios.com\/futbol\/wp-content\/uploads\/2019\/08\/4au7n9o75-m-futbol-uu.png\"><img decoding=\"async\" loading=\"lazy\" class=\"alignnone wp-image-520547 size-full\" src=\"http:\/\/desarrollo.grupomedios.com\/futbol\/wp-content\/uploads\/2019\/08\/4au7n9o75-m-futbol-uu.png\" alt=\"Jugadores que ha repatriado Tigres 1\" srcset=\"http:\/\/desarrollo.grupomedios.com\/futbol\/wp-content\/uploads\/2019\/08\/4au7n9o75-m-futbol-uu.png 1024w, http:\/\/desarrollo.grupomedios.com\/futbol\/wp-content\/uploads\/2019\/08\/4au7n9o75-m-futbol-uu-300x169.png 300w, http:\/\/desarrollo.grupomedios.com\/futbol\/wp-content\/uploads\/2019\/08\/4au7n9o75-m-futbol-uu-768x432.png 768w\" sizes=\"(max-width: 1024px) 100vw, 1024px\" \/><\/a><\/h2>\n<h2>Carlos Salcido:<\/h2>\n<p>El zaguero tuvo un exitoso paso con el<strong> PSV en la Eredivisie,<\/strong> que le vali\u00f3 para ser fichado por el<strong> Fulham de la Premier League,<\/strong> donde se gan\u00f3 un lugar en la titularidad. Tras un a\u00f1o con el equipo decidi\u00f3 regresar a M\u00e9xico, recibiendo diversas ofertas de los clubes de la Liga MX, siendo Tigres la escuadra que logr\u00f3 hacerse de sus servicios y con quienes levant\u00f3 el t\u00edtulo en e<strong>l Apertura 2011.<\/strong><\/p>\n<p><img decoding=\"async\" loading=\"lazy\" class=\"alignnone wp-image-555581 size-full\" src=\"https:\/\/www.futboltotal.com.mx\/wp-content\/uploads\/2019\/01\/carlos-salcido-tigres.jpg\" alt=\"Jugadores que ha repatriado Tigres\" \/><\/p>\n<h2>Javier Aquino:<\/h2>\n<p>El canterano de<strong> Cruz Azul,<\/strong> se consolid\u00f3 como una de las figuras del equipo en el m\u00e1ximo circuito, llegando a importantes instancias con los celestes, situaci\u00f3n que le vali\u00f3 para llegar a la <strong>Liga de Espa\u00f1a<\/strong> con el <strong>Villarreal<\/strong>, que en ese entonces se encontraba en la Segunda Divisi\u00f3n. Con Aquino siendo parte del equipo lograron ascender, sin embargo, sum\u00f3 pocos minutos en la cancha por lo que fue cedido a <strong>Rayo Vallecano<\/strong>\u00a0jugando una temporada.<\/p>\n<p>Fue en el <strong>Apertura 2015<\/strong> cuando <strong>Villarreal y Tigres<\/strong> llegaron a un acuerdo, y el jugador termin\u00f3 con el sue\u00f1o europeo para regresar al futbol mexicano.<\/p>\n<h2><a href=\"http:\/\/desarrollo.grupomedios.com\/futbol\/futbol-mexicano\/carlos-vela-sufrio-cuando-estuvo-en-seleccion-mexicana\/2019\/08\/attachment\/carlos-vela-sufrio-cuando-estuvo-en-seleccion-mexicana\"><img decoding=\"async\" loading=\"lazy\" class=\"alignnone wp-image-520499 size-full\" src=\"http:\/\/desarrollo.grupomedios.com\/futbol\/wp-content\/uploads\/2019\/08\/Carlos-Vela-sufrio-cuando-estuvo-en-Seleccion-Mexicana.jpg\" alt=\"Jugadores que ha repatriado Tigres 3\" srcset=\"http:\/\/desarrollo.grupomedios.com\/futbol\/wp-content\/uploads\/2019\/08\/Carlos-Vela-sufrio-cuando-estuvo-en-Seleccion-Mexicana.jpg 1024w, http:\/\/desarrollo.grupomedios.com\/futbol\/wp-content\/uploads\/2019\/08\/Carlos-Vela-sufrio-cuando-estuvo-en-Seleccion-Mexicana-300x169.jpg 300w, http:\/\/desarrollo.grupomedios.com\/futbol\/wp-content\/uploads\/2019\/08\/Carlos-Vela-sufrio-cuando-estuvo-en-Seleccion-Mexicana-768x432.jpg 768w\" sizes=\"(max-width: 1024px) 100vw, 1024px\" \/><\/a><\/h2>\n<h2>Carlos Salcedo<\/h2>\n<p>Despu\u00e9s de su paso por la <strong>Fiorentina y el\u00a0\u00a0Eintracht Fr\u00e1ncfort\u200b\u200b\u200b<\/strong>, el defensor tapatio regres\u00f3 a la Liga MX para el Clausura 2019 fichando con<strong> Tigres<\/strong>, con quienes conquist\u00f3 el campeonato de Liga ante Le\u00f3n MX en dicho torneo.<\/p>\n<p><img decoding=\"async\" src=\"https:\/\/pbs.twimg.com\/media\/ECdmX1LXoAATd39?format=jpg&amp;name=4096x4096\" alt=\"Imagen\" \/><\/p>\n","protected":false},"excerpt":{"rendered":"<p>Despu\u00e9s de seis a\u00f1os en Europa, Diego Reyes regresar\u00e1 al futbol mexicano para reportar con Tigres en el torneo Apertura 2019. Sin embargo, el\u00a0zaguero no es el \u00fanico futbolista que ha sido repatriado por la escuadra universitaria. Aqu\u00ed te presentamos a los jugadores que terminaron su carrera en el futbol europeo y regresaron a M\u00e9xico: [&hellip;]<\/p>\n","protected":false},"author":141,"featured_media":520568,"comment_status":"closed","ping_status":"closed","sticky":false,"template":"","format":"standard","meta":[],"categories":[12112,2198,3845,12113],"tags":[5531,11503,12114,12128,570],"_links":{"self":[{"href":"http:\/\/desarrollo.grupomedios.com\/futbol\/wp-json\/wp\/v2\/posts\/520501"}],"collection":[{"href":"http:\/\/desarrollo.grupomedios.com\/futbol\/wp-json\/wp\/v2\/posts"}],"about":[{"href":"http:\/\/desarrollo.grupomedios.com\/futbol\/wp-json\/wp\/v2\/types\/post"}],"author":[{"embeddable":true,"href":"http:\/\/desarrollo.grupomedios.com\/futbol\/wp-json\/wp\/v2\/users\/141"}],"replies":[{"embeddable":true,"href":"http:\/\/desarrollo.grupomedios.com\/futbol\/wp-json\/wp\/v2\/comments?post=520501"}],"version-history":[{"count":4,"href":"http:\/\/desarrollo.grupomedios.com\/futbol\/wp-json\/wp\/v2\/posts\/520501\/revisions"}],"predecessor-version":[{"id":520558,"href":"http:\/\/desarrollo.grupomedios.com\/futbol\/wp-json\/wp\/v2\/posts\/520501\/revisions\/520558"}],"wp:featuredmedia":[{"embeddable":true,"href":"http:\/\/desarrollo.grupomedios.com\/futbol\/wp-json\/wp\/v2\/media\/520568"}],"wp:attachment":[{"href":"http:\/\/desarrollo.grupomedios.com\/futbol\/wp-json\/wp\/v2\/media?parent=520501"}],"wp:term":[{"taxonomy":"category","embeddable":true,"href":"http:\/\/desarrollo.grupomedios.com\/futbol\/wp-json\/wp\/v2\/categories?post=520501"},{"taxonomy":"post_tag","embeddable":true,"href":"http:\/\/desarrollo.grupomedios.com\/futbol\/wp-json\/wp\/v2\/tags?post=520501"}],"curies":[{"name":"wp","href":"https:\/\/api.w.org\/{rel}","templated":true}]}}