{"id":11723,"count":1,"description":"","link":"http:\/\/desarrollo.grupomedios.com\/futbol\/tag\/jose-luis-parejta-lopez-y-adrian-cortes","name":"Jos\u00e9 Luis \u201cParejta\u201d L\u00f3pez y Adri\u00e1n Cort\u00e9s","slug":"jose-luis-parejta-lopez-y-adrian-cortes","taxonomy":"post_tag","meta":[],"_links":{"self":[{"href":"http:\/\/desarrollo.grupomedios.com\/futbol\/wp-json\/wp\/v2\/tags\/11723"}],"collection":[{"href":"http:\/\/desarrollo.grupomedios.com\/futbol\/wp-json\/wp\/v2\/tags"}],"about":[{"href":"http:\/\/desarrollo.grupomedios.com\/futbol\/wp-json\/wp\/v2\/taxonomies\/post_tag"}],"wp:post_type":[{"href":"http:\/\/desarrollo.grupomedios.com\/futbol\/wp-json\/wp\/v2\/posts?tags=11723"},{"href":"http:\/\/desarrollo.grupomedios.com\/futbol\/wp-json\/wp\/v2\/listas?tags=11723"},{"href":"http:\/\/desarrollo.grupomedios.com\/futbol\/wp-json\/wp\/v2\/nota-patrocinada?tags=11723"}],"curies":[{"name":"wp","href":"https:\/\/api.w.org\/{rel}","templated":true}]}}